{"id":215,"date":"2022-10-01T12:41:45","date_gmt":"2022-10-01T12:41:45","guid":{"rendered":"http:\/\/lundsteenwiederquist.dk\/?p=215"},"modified":"2022-10-01T12:41:45","modified_gmt":"2022-10-01T12:41:45","slug":"afgorelse-6-22","status":"publish","type":"post","link":"https:\/\/lundsteenwiederquist.dk\/index.php\/2022\/10\/01\/afgorelse-6-22\/","title":{"rendered":"<strong>Afg\u00f8relse 6-22<\/strong>&nbsp;"},"content":{"rendered":"\n<p><strong>Om sygedagpenge \u2013 minimum 4 timers frav\u00e6r \u2013 flere ans\u00e6ttelsesforhold<\/strong>&nbsp;<\/p>\n\n\n\n<p>I denne afg\u00f8relse g\u00f8r Ankestyrelsen det klart at hvis en l\u00f8nmodtager har flere ans\u00e6ttelsesforhold, s\u00e5 er det, det samlede sygefrav\u00e6r fra arbejdsmarkedet, der skal l\u00e6gges til grund for vurderingen af hvorvidt den sygemeldte opfylder kravet om minimum 4 timers frav\u00e6r om ugen.&nbsp;<\/p>\n\n\n\n<p>I den konkrete sag var borger ansat ved arbejdsgiver A i 30 timer om ugen og ved arbejdsgiver B i 3 timer og 56 minutter om ugen.&nbsp;<\/p>\n\n\n\n<p>Borgeren var fuldt sygemeldt fra begge ans\u00e6ttelser og havde derfor samlet set minimum 4 timers frav\u00e6r fra arbejdsmarkedet \u2013 ogs\u00e5 selvom frav\u00e6ret ved arbejdsgiver B kun var p\u00e5 3 timer og 56 minutter.&nbsp;<\/p>\n\n\n\n<p>Dette er g\u00e6ldende uanset om der er ret til sygedagpenge fra arbejdsgiver eller fra kommunen.&nbsp;<\/p>\n\n\n\n<p>N\u00e5r de 4 timers frav\u00e6r skal opg\u00f8res, t\u00e6ller befordring og ventetid ved ambulante behandlinger ogs\u00e5 med i opg\u00f8relsen af sygefrav\u00e6r.&nbsp;<\/p>\n\n\n\n<p>Ankestyrelsen har ved fortolkningen lagt v\u00e6gt p\u00e5 at form\u00e5lene med sygedagpengeloven er at&nbsp;&nbsp;<\/p>\n\n\n\n<ul class=\"wp-block-list\"><li>den sygemeldte sikres en \u00f8konomisk kompensation ved sit sygefrav\u00e6r&nbsp;<\/li><\/ul>\n\n\n\n<ul class=\"wp-block-list\"><li>medvirke til at den sygemeldte genvinder arbejdsevnen og vender tilbage til arbejdsmarkedet hurtigst muligt&nbsp;<\/li><li>underst\u00f8tte samarbejdet mellem kommunerne og de relevante akt\u00f8rer for at nedbringe og forebygge sygefrav\u00e6r&nbsp;<br>&nbsp;<\/li><\/ul>\n\n\n\n<p>Ankestyrelsen p\u00e5peger at der ikke er noget der taler for, at en sygemeldt med flere ans\u00e6ttelsesforhold, har mindre behov for en \u00f8konomisk kompensation og at genvinde sin arbejdsevne og vende tilbage til arbejdsmarkedet hurtigst muligt.&nbsp;<\/p>\n\n\n\n<p>Selvom det kan medf\u00f8re en forpligtelse for arbejdsgiveren til at udbetale sygedagpenge til l\u00f8nmodtagere, der er frav\u00e6rende mindre en 4 timer\/ugen ved den konkrete arbejdsgiver, finder Ankestyrelsen det ikke en s\u00e5 tungtvejende grund, at det kan f\u00f8re til et andet resultat.&nbsp;<\/p>\n\n\n\n<p>Du kan l\u00e6se hele afg\u00f8relsen her: <a href=\"https:\/\/ast.dk\/afgorelser\/principafgorelser\/find-principafgorelse#\/a\/efaee342-7e93-4297-990d-487480e0b3e8\" target=\"_blank\" rel=\"noreferrer noopener\">https:\/\/ast.dk\/afgorelser\/principafgorelser\/find-principafgorelse#\/a\/efaee342-7e93-4297-990d-487480e0b3e8<\/a>&nbsp;&nbsp;<\/p>\n","protected":false},"excerpt":{"rendered":"<p>Om sygedagpenge \u2013 minimum 4 timers frav\u00e6r \u2013 flere ans\u00e6ttelsesforhold&nbsp; I denne afg\u00f8relse g\u00f8r Ankestyrelsen det klart at hvis en l\u00f8nmodtager har flere ans\u00e6ttelsesforhold, s\u00e5 er det, det samlede sygefrav\u00e6r fra arbejdsmarkedet, der skal l\u00e6gges til grund for vurderingen af hvorvidt den sygemeldte opfylder kravet om minimum 4 timers frav\u00e6r om ugen.&nbsp; I den konkrete &hellip; <\/p>\n<p class=\"link-more\"><a href=\"https:\/\/lundsteenwiederquist.dk\/index.php\/2022\/10\/01\/afgorelse-6-22\/\" class=\"more-link\">L\u00e6s videre<span class=\"screen-reader-text\"> &#8220;<strong>Afg\u00f8relse 6-22<\/strong>&nbsp;&#8220;<\/span><\/a><\/p>\n","protected":false},"author":1,"featured_media":0,"comment_status":"open","ping_status":"open","sticky":false,"template":"","format":"standard","meta":{"footnotes":""},"categories":[64,113,141,11],"tags":[66,31,10,58],"class_list":["post-215","post","type-post","status-publish","format-standard","hentry","category-afgorelser-fra-ankstyrelsen","category-ankestyrelsen","category-september-2022","category-sygedagpenge","tag-afgorelse","tag-ankestyrelsen","tag-beskaeftigelse","tag-sygedagpenge"],"yoast_head":"<!-- This site is optimized with the Yoast SEO plugin v27.4 - https:\/\/yoast.com\/product\/yoast-seo-wordpress\/ -->\n<title>Afg\u00f8relse 6-22&nbsp; -<\/title>\n<meta name=\"robots\" content=\"index, follow, max-snippet:-1, max-image-preview:large, max-video-preview:-1\" \/>\n<link rel=\"canonical\" href=\"https:\/\/lundsteenwiederquist.dk\/index.php\/2022\/10\/01\/afgorelse-6-22\/\" \/>\n<meta property=\"og:locale\" content=\"da_DK\" \/>\n<meta property=\"og:type\" content=\"article\" \/>\n<meta property=\"og:title\" content=\"Afg\u00f8relse 6-22&nbsp; -\" \/>\n<meta property=\"og:description\" content=\"Om sygedagpenge \u2013 minimum 4 timers frav\u00e6r \u2013 flere ans\u00e6ttelsesforhold&nbsp; I denne afg\u00f8relse g\u00f8r Ankestyrelsen det klart at hvis en l\u00f8nmodtager har flere ans\u00e6ttelsesforhold, s\u00e5 er det, det samlede sygefrav\u00e6r fra arbejdsmarkedet, der skal l\u00e6gges til grund for vurderingen af hvorvidt den sygemeldte opfylder kravet om minimum 4 timers frav\u00e6r om ugen.&nbsp; I den konkrete &hellip; L\u00e6s videre &quot;Afg\u00f8relse 6-22&nbsp;&quot;\" \/>\n<meta property=\"og:url\" content=\"https:\/\/lundsteenwiederquist.dk\/index.php\/2022\/10\/01\/afgorelse-6-22\/\" \/>\n<meta property=\"article:published_time\" content=\"2022-10-01T12:41:45+00:00\" \/>\n<meta name=\"author\" content=\"admin\" \/>\n<meta name=\"twitter:card\" content=\"summary_large_image\" \/>\n<meta name=\"twitter:label1\" content=\"Skrevet af\" \/>\n\t<meta name=\"twitter:data1\" content=\"admin\" \/>\n\t<meta name=\"twitter:label2\" content=\"Estimeret l\u00e6setid\" \/>\n\t<meta name=\"twitter:data2\" content=\"2 minutter\" \/>\n<script type=\"application\/ld+json\" class=\"yoast-schema-graph\">{\"@context\":\"https:\\\/\\\/schema.org\",\"@graph\":[{\"@type\":\"Article\",\"@id\":\"https:\\\/\\\/lundsteenwiederquist.dk\\\/index.php\\\/2022\\\/10\\\/01\\\/afgorelse-6-22\\\/#article\",\"isPartOf\":{\"@id\":\"https:\\\/\\\/lundsteenwiederquist.dk\\\/index.php\\\/2022\\\/10\\\/01\\\/afgorelse-6-22\\\/\"},\"author\":{\"name\":\"admin\",\"@id\":\"https:\\\/\\\/lundsteenwiederquist.dk\\\/#\\\/schema\\\/person\\\/4cc009e2debfd357f3c1f1d41db97e7a\"},\"headline\":\"Afg\u00f8relse 6-22&nbsp;\",\"datePublished\":\"2022-10-01T12:41:45+00:00\",\"mainEntityOfPage\":{\"@id\":\"https:\\\/\\\/lundsteenwiederquist.dk\\\/index.php\\\/2022\\\/10\\\/01\\\/afgorelse-6-22\\\/\"},\"wordCount\":336,\"commentCount\":0,\"keywords\":[\"afg\u00f8relse\",\"ankestyrelsen\",\"besk\u00e6ftigelse\",\"sygedagpenge\"],\"articleSection\":[\"Afg\u00f8relser fra Ankstyrelsen\",\"Ankestyrelsen\",\"September 2022\",\"Sygedagpenge\"],\"inLanguage\":\"da-DK\",\"potentialAction\":[{\"@type\":\"CommentAction\",\"name\":\"Comment\",\"target\":[\"https:\\\/\\\/lundsteenwiederquist.dk\\\/index.php\\\/2022\\\/10\\\/01\\\/afgorelse-6-22\\\/#respond\"]}]},{\"@type\":\"WebPage\",\"@id\":\"https:\\\/\\\/lundsteenwiederquist.dk\\\/index.php\\\/2022\\\/10\\\/01\\\/afgorelse-6-22\\\/\",\"url\":\"https:\\\/\\\/lundsteenwiederquist.dk\\\/index.php\\\/2022\\\/10\\\/01\\\/afgorelse-6-22\\\/\",\"name\":\"Afg\u00f8relse 6-22&nbsp; -\",\"isPartOf\":{\"@id\":\"https:\\\/\\\/lundsteenwiederquist.dk\\\/#website\"},\"datePublished\":\"2022-10-01T12:41:45+00:00\",\"author\":{\"@id\":\"https:\\\/\\\/lundsteenwiederquist.dk\\\/#\\\/schema\\\/person\\\/4cc009e2debfd357f3c1f1d41db97e7a\"},\"breadcrumb\":{\"@id\":\"https:\\\/\\\/lundsteenwiederquist.dk\\\/index.php\\\/2022\\\/10\\\/01\\\/afgorelse-6-22\\\/#breadcrumb\"},\"inLanguage\":\"da-DK\",\"potentialAction\":[{\"@type\":\"ReadAction\",\"target\":[\"https:\\\/\\\/lundsteenwiederquist.dk\\\/index.php\\\/2022\\\/10\\\/01\\\/afgorelse-6-22\\\/\"]}]},{\"@type\":\"BreadcrumbList\",\"@id\":\"https:\\\/\\\/lundsteenwiederquist.dk\\\/index.php\\\/2022\\\/10\\\/01\\\/afgorelse-6-22\\\/#breadcrumb\",\"itemListElement\":[{\"@type\":\"ListItem\",\"position\":1,\"name\":\"Hjem\",\"item\":\"https:\\\/\\\/lundsteenwiederquist.dk\\\/\"},{\"@type\":\"ListItem\",\"position\":2,\"name\":\"Afg\u00f8relse 6-22&nbsp;\"}]},{\"@type\":\"WebSite\",\"@id\":\"https:\\\/\\\/lundsteenwiederquist.dk\\\/#website\",\"url\":\"https:\\\/\\\/lundsteenwiederquist.dk\\\/\",\"name\":\"\",\"description\":\"G\u00f8r det sv\u00e6re enkelt\",\"potentialAction\":[{\"@type\":\"SearchAction\",\"target\":{\"@type\":\"EntryPoint\",\"urlTemplate\":\"https:\\\/\\\/lundsteenwiederquist.dk\\\/?s={search_term_string}\"},\"query-input\":{\"@type\":\"PropertyValueSpecification\",\"valueRequired\":true,\"valueName\":\"search_term_string\"}}],\"inLanguage\":\"da-DK\"},{\"@type\":\"Person\",\"@id\":\"https:\\\/\\\/lundsteenwiederquist.dk\\\/#\\\/schema\\\/person\\\/4cc009e2debfd357f3c1f1d41db97e7a\",\"name\":\"admin\",\"image\":{\"@type\":\"ImageObject\",\"inLanguage\":\"da-DK\",\"@id\":\"https:\\\/\\\/secure.gravatar.com\\\/avatar\\\/a7c74f32e0a77a80d99aaeed83bf0f039fc9ef5be985255128731a791b56584a?s=96&d=mm&r=g\",\"url\":\"https:\\\/\\\/secure.gravatar.com\\\/avatar\\\/a7c74f32e0a77a80d99aaeed83bf0f039fc9ef5be985255128731a791b56584a?s=96&d=mm&r=g\",\"contentUrl\":\"https:\\\/\\\/secure.gravatar.com\\\/avatar\\\/a7c74f32e0a77a80d99aaeed83bf0f039fc9ef5be985255128731a791b56584a?s=96&d=mm&r=g\",\"caption\":\"admin\"},\"sameAs\":[\"http:\\\/\\\/lundsteenwiederquist.dk\"],\"url\":\"https:\\\/\\\/lundsteenwiederquist.dk\\\/index.php\\\/author\\\/admin\\\/\"}]}<\/script>\n<!-- \/ Yoast SEO plugin. -->","yoast_head_json":{"title":"Afg\u00f8relse 6-22&nbsp; -","robots":{"index":"index","follow":"follow","max-snippet":"max-snippet:-1","max-image-preview":"max-image-preview:large","max-video-preview":"max-video-preview:-1"},"canonical":"https:\/\/lundsteenwiederquist.dk\/index.php\/2022\/10\/01\/afgorelse-6-22\/","og_locale":"da_DK","og_type":"article","og_title":"Afg\u00f8relse 6-22&nbsp; -","og_description":"Om sygedagpenge \u2013 minimum 4 timers frav\u00e6r \u2013 flere ans\u00e6ttelsesforhold&nbsp; I denne afg\u00f8relse g\u00f8r Ankestyrelsen det klart at hvis en l\u00f8nmodtager har flere ans\u00e6ttelsesforhold, s\u00e5 er det, det samlede sygefrav\u00e6r fra arbejdsmarkedet, der skal l\u00e6gges til grund for vurderingen af hvorvidt den sygemeldte opfylder kravet om minimum 4 timers frav\u00e6r om ugen.&nbsp; I den konkrete &hellip; L\u00e6s videre \"Afg\u00f8relse 6-22&nbsp;\"","og_url":"https:\/\/lundsteenwiederquist.dk\/index.php\/2022\/10\/01\/afgorelse-6-22\/","article_published_time":"2022-10-01T12:41:45+00:00","author":"admin","twitter_card":"summary_large_image","twitter_misc":{"Skrevet af":"admin","Estimeret l\u00e6setid":"2 minutter"},"schema":{"@context":"https:\/\/schema.org","@graph":[{"@type":"Article","@id":"https:\/\/lundsteenwiederquist.dk\/index.php\/2022\/10\/01\/afgorelse-6-22\/#article","isPartOf":{"@id":"https:\/\/lundsteenwiederquist.dk\/index.php\/2022\/10\/01\/afgorelse-6-22\/"},"author":{"name":"admin","@id":"https:\/\/lundsteenwiederquist.dk\/#\/schema\/person\/4cc009e2debfd357f3c1f1d41db97e7a"},"headline":"Afg\u00f8relse 6-22&nbsp;","datePublished":"2022-10-01T12:41:45+00:00","mainEntityOfPage":{"@id":"https:\/\/lundsteenwiederquist.dk\/index.php\/2022\/10\/01\/afgorelse-6-22\/"},"wordCount":336,"commentCount":0,"keywords":["afg\u00f8relse","ankestyrelsen","besk\u00e6ftigelse","sygedagpenge"],"articleSection":["Afg\u00f8relser fra Ankstyrelsen","Ankestyrelsen","September 2022","Sygedagpenge"],"inLanguage":"da-DK","potentialAction":[{"@type":"CommentAction","name":"Comment","target":["https:\/\/lundsteenwiederquist.dk\/index.php\/2022\/10\/01\/afgorelse-6-22\/#respond"]}]},{"@type":"WebPage","@id":"https:\/\/lundsteenwiederquist.dk\/index.php\/2022\/10\/01\/afgorelse-6-22\/","url":"https:\/\/lundsteenwiederquist.dk\/index.php\/2022\/10\/01\/afgorelse-6-22\/","name":"Afg\u00f8relse 6-22&nbsp; -","isPartOf":{"@id":"https:\/\/lundsteenwiederquist.dk\/#website"},"datePublished":"2022-10-01T12:41:45+00:00","author":{"@id":"https:\/\/lundsteenwiederquist.dk\/#\/schema\/person\/4cc009e2debfd357f3c1f1d41db97e7a"},"breadcrumb":{"@id":"https:\/\/lundsteenwiederquist.dk\/index.php\/2022\/10\/01\/afgorelse-6-22\/#breadcrumb"},"inLanguage":"da-DK","potentialAction":[{"@type":"ReadAction","target":["https:\/\/lundsteenwiederquist.dk\/index.php\/2022\/10\/01\/afgorelse-6-22\/"]}]},{"@type":"BreadcrumbList","@id":"https:\/\/lundsteenwiederquist.dk\/index.php\/2022\/10\/01\/afgorelse-6-22\/#breadcrumb","itemListElement":[{"@type":"ListItem","position":1,"name":"Hjem","item":"https:\/\/lundsteenwiederquist.dk\/"},{"@type":"ListItem","position":2,"name":"Afg\u00f8relse 6-22&nbsp;"}]},{"@type":"WebSite","@id":"https:\/\/lundsteenwiederquist.dk\/#website","url":"https:\/\/lundsteenwiederquist.dk\/","name":"","description":"G\u00f8r det sv\u00e6re enkelt","potentialAction":[{"@type":"SearchAction","target":{"@type":"EntryPoint","urlTemplate":"https:\/\/lundsteenwiederquist.dk\/?s={search_term_string}"},"query-input":{"@type":"PropertyValueSpecification","valueRequired":true,"valueName":"search_term_string"}}],"inLanguage":"da-DK"},{"@type":"Person","@id":"https:\/\/lundsteenwiederquist.dk\/#\/schema\/person\/4cc009e2debfd357f3c1f1d41db97e7a","name":"admin","image":{"@type":"ImageObject","inLanguage":"da-DK","@id":"https:\/\/secure.gravatar.com\/avatar\/a7c74f32e0a77a80d99aaeed83bf0f039fc9ef5be985255128731a791b56584a?s=96&d=mm&r=g","url":"https:\/\/secure.gravatar.com\/avatar\/a7c74f32e0a77a80d99aaeed83bf0f039fc9ef5be985255128731a791b56584a?s=96&d=mm&r=g","contentUrl":"https:\/\/secure.gravatar.com\/avatar\/a7c74f32e0a77a80d99aaeed83bf0f039fc9ef5be985255128731a791b56584a?s=96&d=mm&r=g","caption":"admin"},"sameAs":["http:\/\/lundsteenwiederquist.dk"],"url":"https:\/\/lundsteenwiederquist.dk\/index.php\/author\/admin\/"}]}},"_links":{"self":[{"href":"https:\/\/lundsteenwiederquist.dk\/index.php\/wp-json\/wp\/v2\/posts\/215","targetHints":{"allow":["GET"]}}],"collection":[{"href":"https:\/\/lundsteenwiederquist.dk\/index.php\/wp-json\/wp\/v2\/posts"}],"about":[{"href":"https:\/\/lundsteenwiederquist.dk\/index.php\/wp-json\/wp\/v2\/types\/post"}],"author":[{"embeddable":true,"href":"https:\/\/lundsteenwiederquist.dk\/index.php\/wp-json\/wp\/v2\/users\/1"}],"replies":[{"embeddable":true,"href":"https:\/\/lundsteenwiederquist.dk\/index.php\/wp-json\/wp\/v2\/comments?post=215"}],"version-history":[{"count":1,"href":"https:\/\/lundsteenwiederquist.dk\/index.php\/wp-json\/wp\/v2\/posts\/215\/revisions"}],"predecessor-version":[{"id":216,"href":"https:\/\/lundsteenwiederquist.dk\/index.php\/wp-json\/wp\/v2\/posts\/215\/revisions\/216"}],"wp:attachment":[{"href":"https:\/\/lundsteenwiederquist.dk\/index.php\/wp-json\/wp\/v2\/media?parent=215"}],"wp:term":[{"taxonomy":"category","embeddable":true,"href":"https:\/\/lundsteenwiederquist.dk\/index.php\/wp-json\/wp\/v2\/categories?post=215"},{"taxonomy":"post_tag","embeddable":true,"href":"https:\/\/lundsteenwiederquist.dk\/index.php\/wp-json\/wp\/v2\/tags?post=215"}],"curies":[{"name":"wp","href":"https:\/\/api.w.org\/{rel}","templated":true}]}}