{"id":329,"date":"2023-03-27T11:57:17","date_gmt":"2023-03-27T09:57:17","guid":{"rendered":"http:\/\/lundsteenwiederquist.dk\/?p=329"},"modified":"2023-03-27T11:57:17","modified_gmt":"2023-03-27T09:57:17","slug":"nye-dagpengeregler-fra-1-maj-2023","status":"publish","type":"post","link":"https:\/\/lundsteenwiederquist.dk\/index.php\/2023\/03\/27\/nye-dagpengeregler-fra-1-maj-2023\/","title":{"rendered":"<strong>Nye dagpengeregler fra 1. maj 2023<\/strong>"},"content":{"rendered":"\n<p><strong>Indf\u00f8relse af Besk\u00e6ftigelsestill\u00e6g<\/strong><\/p>\n\n\n\n<p><strong><em>Hvad<\/em><\/strong><\/p>\n\n\n\n<p>H\u00f8jere dagpenge de f\u00f8rste 3 m\u00e5neder \u2013 op til 3.700 brutto pr. mdr.<\/p>\n\n\n\n<p><strong><em>Hvem<\/em><\/strong><\/p>\n\n\n\n<ul class=\"wp-block-list\">\n<li>Ledig for f\u00f8rste gang fra 1. maj 2023, eller<\/li>\n\n\n\n<li>Optjener ny dagpengeret fra 1. maj 2023<\/li>\n<\/ul>\n\n\n\n<p><strong><em>Krav<\/em><\/strong><\/p>\n\n\n\n<ul class=\"wp-block-list\">\n<li>Medlem af en A-kasse de seneste 4 \u00e5r<\/li>\n\n\n\n<li>Minimum 2 \u00e5rs fuldtidsarbejde inden for de seneste 3 \u00e5r<\/li>\n<\/ul>\n\n\n\n<p><strong>Lavere dagpenge til medlemmer uden fors\u00f8rgerpligt<\/strong><\/p>\n\n\n\n<p><strong><em>Hvem<\/em><\/strong><\/p>\n\n\n\n<p>Medlemmer, der ikke har fors\u00f8rgerpligt overfor et barn OG<\/p>\n\n\n\n<p>Er ledige i mere end 3 m\u00e5neder (dagpenge for 481 timer)<\/p>\n\n\n\n<p><strong><em>Hvorn\u00e5r<\/em><\/strong><\/p>\n\n\n\n<p>Satsen neds\u00e6ttes fra 1. maj 2023<\/p>\n\n\n\n<p>Neds\u00e6ttes ogs\u00e5, hvis du har f\u00e5et dagpenge som dimittend f\u00f8r 1. maj 2023 (481 timer)<\/p>\n\n\n\n<figure class=\"wp-block-image size-full\"><img loading=\"lazy\" decoding=\"async\" width=\"482\" height=\"148\" src=\"https:\/\/lundsteenwiederquist.dk\/wp-content\/uploads\/2023\/03\/Dagpenge_skema.png\" alt=\"\" class=\"wp-image-330\" srcset=\"https:\/\/lundsteenwiederquist.dk\/wp-content\/uploads\/2023\/03\/Dagpenge_skema.png 482w, https:\/\/lundsteenwiederquist.dk\/wp-content\/uploads\/2023\/03\/Dagpenge_skema-300x92.png 300w\" sizes=\"auto, (max-width: 482px) 100vw, 482px\" \/><\/figure>\n\n\n\n<p><\/p>\n\n\n\n<p><strong>Kortere dagpengeperiode til dimittender<\/strong><\/p>\n\n\n\n<p><strong><em>Hvem<\/em><\/strong><\/p>\n\n\n\n<p>Nyuddannede ledige, der har ret til dagpenge p\u00e5 baggrund af en uddannelse den 1. maj 2023 eller senere<\/p>\n\n\n\n<p><strong><em>Hvad<\/em><\/strong><\/p>\n\n\n\n<p>Dagpengeperioden halveres fra 2 til 1 \u00e5r<\/p>\n\n\n\n<p>Sprogkrav til nyuddannede<\/p>\n\n\n\n<p><strong><em>Hvem<\/em><\/strong><\/p>\n\n\n\n<p>Dimittender efter 1. maj 2023<\/p>\n\n\n\n<p><strong><em>Krav<\/em><\/strong><\/p>\n\n\n\n<p>Skal<\/p>\n\n\n\n<ul class=\"wp-block-list\">\n<li>have gennemf\u00f8rt 6. klassetrin i folkeskolen, eller<\/li>\n<\/ul>\n\n\n\n<ul class=\"wp-block-list\">\n<li>have best\u00e5et pr\u00f8ve i Dansk 2, eller<\/li>\n<\/ul>\n\n\n\n<ul class=\"wp-block-list\">\n<li>have best\u00e5et danskpr\u00f8ve p\u00e5 tilsvarende niveau som Dansk 2<\/li>\n<\/ul>\n\n\n\n<p><strong><em>Undtagelse<\/em><\/strong><\/p>\n\n\n\n<p>Opfylder medlemmet ikke sprogkravet, kan han\/hun f\u00e5 dagpenge, hvis de opfylder <em>tilflytningskravet, <\/em>der betyder, at medlemmet skal have arbejdet minimum 600 timer i l\u00f8bet af en periode p\u00e5 12 m\u00e5neder inden for de seneste 24 m\u00e5neder.<\/p>\n\n\n\n<p>L\u00e6s mere om de nye dagpengeregler her: <a href=\"https:\/\/bm.dk\/nyheder-presse\/pressemeddelelser\/2023\/01\/beskaeftigelsestillaegget-traeder-i-kraft-til-maj\/\" target=\"_blank\" rel=\"noreferrer noopener\">https:\/\/bm.dk\/nyheder-presse\/pressemeddelelser\/2023\/01\/beskaeftigelsestillaegget-traeder-i-kraft-til-maj\/<\/a><\/p>\n","protected":false},"excerpt":{"rendered":"<p>Indf\u00f8relse af Besk\u00e6ftigelsestill\u00e6g Hvad H\u00f8jere dagpenge de f\u00f8rste 3 m\u00e5neder \u2013 op til 3.700 brutto pr. mdr. Hvem Krav Lavere dagpenge til medlemmer uden fors\u00f8rgerpligt Hvem Medlemmer, der ikke har fors\u00f8rgerpligt overfor et barn OG Er ledige i mere end 3 m\u00e5neder (dagpenge for 481 timer) Hvorn\u00e5r Satsen neds\u00e6ttes fra 1. maj 2023 Neds\u00e6ttes ogs\u00e5, &hellip; <\/p>\n<p class=\"link-more\"><a href=\"https:\/\/lundsteenwiederquist.dk\/index.php\/2023\/03\/27\/nye-dagpengeregler-fra-1-maj-2023\/\" class=\"more-link\">L\u00e6s videre<span class=\"screen-reader-text\"> &#8220;<strong>Nye dagpengeregler fra 1. maj 2023<\/strong>&#8220;<\/span><\/a><\/p>\n","protected":false},"author":1,"featured_media":0,"comment_status":"open","ping_status":"open","sticky":false,"template":"","format":"standard","meta":{"footnotes":""},"categories":[101,52,206],"tags":[10,100,211],"class_list":["post-329","post","type-post","status-publish","format-standard","hentry","category-dagpenge","category-lovforslag","category-nyhedsbrev-marts-2023","tag-beskaeftigelse","tag-dagpenge","tag-nye-regler"],"yoast_head":"<!-- This site is optimized with the Yoast SEO plugin v27.4 - https:\/\/yoast.com\/product\/yoast-seo-wordpress\/ -->\n<title>Nye dagpengeregler fra 1. maj 2023 -<\/title>\n<meta name=\"robots\" content=\"index, follow, max-snippet:-1, max-image-preview:large, max-video-preview:-1\" \/>\n<link rel=\"canonical\" href=\"https:\/\/lundsteenwiederquist.dk\/index.php\/2023\/03\/27\/nye-dagpengeregler-fra-1-maj-2023\/\" \/>\n<meta property=\"og:locale\" content=\"da_DK\" \/>\n<meta property=\"og:type\" content=\"article\" \/>\n<meta property=\"og:title\" content=\"Nye dagpengeregler fra 1. maj 2023 -\" \/>\n<meta property=\"og:description\" content=\"Indf\u00f8relse af Besk\u00e6ftigelsestill\u00e6g Hvad H\u00f8jere dagpenge de f\u00f8rste 3 m\u00e5neder \u2013 op til 3.700 brutto pr. mdr. Hvem Krav Lavere dagpenge til medlemmer uden fors\u00f8rgerpligt Hvem Medlemmer, der ikke har fors\u00f8rgerpligt overfor et barn OG Er ledige i mere end 3 m\u00e5neder (dagpenge for 481 timer) Hvorn\u00e5r Satsen neds\u00e6ttes fra 1. maj 2023 Neds\u00e6ttes ogs\u00e5, &hellip; L\u00e6s videre &quot;Nye dagpengeregler fra 1. maj 2023&quot;\" \/>\n<meta property=\"og:url\" content=\"https:\/\/lundsteenwiederquist.dk\/index.php\/2023\/03\/27\/nye-dagpengeregler-fra-1-maj-2023\/\" \/>\n<meta property=\"article:published_time\" content=\"2023-03-27T09:57:17+00:00\" \/>\n<meta property=\"og:image\" content=\"http:\/\/lundsteenwiederquist.dk\/wp-content\/uploads\/2023\/03\/Dagpenge_skema.png\" \/>\n<meta name=\"author\" content=\"admin\" \/>\n<meta name=\"twitter:card\" content=\"summary_large_image\" \/>\n<meta name=\"twitter:label1\" content=\"Skrevet af\" \/>\n\t<meta name=\"twitter:data1\" content=\"admin\" \/>\n\t<meta name=\"twitter:label2\" content=\"Estimeret l\u00e6setid\" \/>\n\t<meta name=\"twitter:data2\" content=\"1 minut\" \/>\n<script type=\"application\/ld+json\" class=\"yoast-schema-graph\">{\"@context\":\"https:\\\/\\\/schema.org\",\"@graph\":[{\"@type\":\"Article\",\"@id\":\"https:\\\/\\\/lundsteenwiederquist.dk\\\/index.php\\\/2023\\\/03\\\/27\\\/nye-dagpengeregler-fra-1-maj-2023\\\/#article\",\"isPartOf\":{\"@id\":\"https:\\\/\\\/lundsteenwiederquist.dk\\\/index.php\\\/2023\\\/03\\\/27\\\/nye-dagpengeregler-fra-1-maj-2023\\\/\"},\"author\":{\"name\":\"admin\",\"@id\":\"https:\\\/\\\/lundsteenwiederquist.dk\\\/#\\\/schema\\\/person\\\/4cc009e2debfd357f3c1f1d41db97e7a\"},\"headline\":\"Nye dagpengeregler fra 1. maj 2023\",\"datePublished\":\"2023-03-27T09:57:17+00:00\",\"mainEntityOfPage\":{\"@id\":\"https:\\\/\\\/lundsteenwiederquist.dk\\\/index.php\\\/2023\\\/03\\\/27\\\/nye-dagpengeregler-fra-1-maj-2023\\\/\"},\"wordCount\":217,\"commentCount\":0,\"image\":{\"@id\":\"https:\\\/\\\/lundsteenwiederquist.dk\\\/index.php\\\/2023\\\/03\\\/27\\\/nye-dagpengeregler-fra-1-maj-2023\\\/#primaryimage\"},\"thumbnailUrl\":\"http:\\\/\\\/lundsteenwiederquist.dk\\\/wp-content\\\/uploads\\\/2023\\\/03\\\/Dagpenge_skema.png\",\"keywords\":[\"besk\u00e6ftigelse\",\"dagpenge\",\"nye regler\"],\"articleSection\":[\"Dagpenge\",\"Lovforslag\",\"Nyhedsbrev - Marts 2023\"],\"inLanguage\":\"da-DK\",\"potentialAction\":[{\"@type\":\"CommentAction\",\"name\":\"Comment\",\"target\":[\"https:\\\/\\\/lundsteenwiederquist.dk\\\/index.php\\\/2023\\\/03\\\/27\\\/nye-dagpengeregler-fra-1-maj-2023\\\/#respond\"]}]},{\"@type\":\"WebPage\",\"@id\":\"https:\\\/\\\/lundsteenwiederquist.dk\\\/index.php\\\/2023\\\/03\\\/27\\\/nye-dagpengeregler-fra-1-maj-2023\\\/\",\"url\":\"https:\\\/\\\/lundsteenwiederquist.dk\\\/index.php\\\/2023\\\/03\\\/27\\\/nye-dagpengeregler-fra-1-maj-2023\\\/\",\"name\":\"Nye dagpengeregler fra 1. maj 2023 -\",\"isPartOf\":{\"@id\":\"https:\\\/\\\/lundsteenwiederquist.dk\\\/#website\"},\"primaryImageOfPage\":{\"@id\":\"https:\\\/\\\/lundsteenwiederquist.dk\\\/index.php\\\/2023\\\/03\\\/27\\\/nye-dagpengeregler-fra-1-maj-2023\\\/#primaryimage\"},\"image\":{\"@id\":\"https:\\\/\\\/lundsteenwiederquist.dk\\\/index.php\\\/2023\\\/03\\\/27\\\/nye-dagpengeregler-fra-1-maj-2023\\\/#primaryimage\"},\"thumbnailUrl\":\"http:\\\/\\\/lundsteenwiederquist.dk\\\/wp-content\\\/uploads\\\/2023\\\/03\\\/Dagpenge_skema.png\",\"datePublished\":\"2023-03-27T09:57:17+00:00\",\"author\":{\"@id\":\"https:\\\/\\\/lundsteenwiederquist.dk\\\/#\\\/schema\\\/person\\\/4cc009e2debfd357f3c1f1d41db97e7a\"},\"breadcrumb\":{\"@id\":\"https:\\\/\\\/lundsteenwiederquist.dk\\\/index.php\\\/2023\\\/03\\\/27\\\/nye-dagpengeregler-fra-1-maj-2023\\\/#breadcrumb\"},\"inLanguage\":\"da-DK\",\"potentialAction\":[{\"@type\":\"ReadAction\",\"target\":[\"https:\\\/\\\/lundsteenwiederquist.dk\\\/index.php\\\/2023\\\/03\\\/27\\\/nye-dagpengeregler-fra-1-maj-2023\\\/\"]}]},{\"@type\":\"ImageObject\",\"inLanguage\":\"da-DK\",\"@id\":\"https:\\\/\\\/lundsteenwiederquist.dk\\\/index.php\\\/2023\\\/03\\\/27\\\/nye-dagpengeregler-fra-1-maj-2023\\\/#primaryimage\",\"url\":\"https:\\\/\\\/lundsteenwiederquist.dk\\\/wp-content\\\/uploads\\\/2023\\\/03\\\/Dagpenge_skema.png\",\"contentUrl\":\"https:\\\/\\\/lundsteenwiederquist.dk\\\/wp-content\\\/uploads\\\/2023\\\/03\\\/Dagpenge_skema.png\",\"width\":482,\"height\":148},{\"@type\":\"BreadcrumbList\",\"@id\":\"https:\\\/\\\/lundsteenwiederquist.dk\\\/index.php\\\/2023\\\/03\\\/27\\\/nye-dagpengeregler-fra-1-maj-2023\\\/#breadcrumb\",\"itemListElement\":[{\"@type\":\"ListItem\",\"position\":1,\"name\":\"Hjem\",\"item\":\"https:\\\/\\\/lundsteenwiederquist.dk\\\/\"},{\"@type\":\"ListItem\",\"position\":2,\"name\":\"Nye dagpengeregler fra 1. maj 2023\"}]},{\"@type\":\"WebSite\",\"@id\":\"https:\\\/\\\/lundsteenwiederquist.dk\\\/#website\",\"url\":\"https:\\\/\\\/lundsteenwiederquist.dk\\\/\",\"name\":\"\",\"description\":\"G\u00f8r det sv\u00e6re enkelt\",\"potentialAction\":[{\"@type\":\"SearchAction\",\"target\":{\"@type\":\"EntryPoint\",\"urlTemplate\":\"https:\\\/\\\/lundsteenwiederquist.dk\\\/?s={search_term_string}\"},\"query-input\":{\"@type\":\"PropertyValueSpecification\",\"valueRequired\":true,\"valueName\":\"search_term_string\"}}],\"inLanguage\":\"da-DK\"},{\"@type\":\"Person\",\"@id\":\"https:\\\/\\\/lundsteenwiederquist.dk\\\/#\\\/schema\\\/person\\\/4cc009e2debfd357f3c1f1d41db97e7a\",\"name\":\"admin\",\"image\":{\"@type\":\"ImageObject\",\"inLanguage\":\"da-DK\",\"@id\":\"https:\\\/\\\/secure.gravatar.com\\\/avatar\\\/a7c74f32e0a77a80d99aaeed83bf0f039fc9ef5be985255128731a791b56584a?s=96&d=mm&r=g\",\"url\":\"https:\\\/\\\/secure.gravatar.com\\\/avatar\\\/a7c74f32e0a77a80d99aaeed83bf0f039fc9ef5be985255128731a791b56584a?s=96&d=mm&r=g\",\"contentUrl\":\"https:\\\/\\\/secure.gravatar.com\\\/avatar\\\/a7c74f32e0a77a80d99aaeed83bf0f039fc9ef5be985255128731a791b56584a?s=96&d=mm&r=g\",\"caption\":\"admin\"},\"sameAs\":[\"http:\\\/\\\/lundsteenwiederquist.dk\"],\"url\":\"https:\\\/\\\/lundsteenwiederquist.dk\\\/index.php\\\/author\\\/admin\\\/\"}]}<\/script>\n<!-- \/ Yoast SEO plugin. -->","yoast_head_json":{"title":"Nye dagpengeregler fra 1. maj 2023 -","robots":{"index":"index","follow":"follow","max-snippet":"max-snippet:-1","max-image-preview":"max-image-preview:large","max-video-preview":"max-video-preview:-1"},"canonical":"https:\/\/lundsteenwiederquist.dk\/index.php\/2023\/03\/27\/nye-dagpengeregler-fra-1-maj-2023\/","og_locale":"da_DK","og_type":"article","og_title":"Nye dagpengeregler fra 1. maj 2023 -","og_description":"Indf\u00f8relse af Besk\u00e6ftigelsestill\u00e6g Hvad H\u00f8jere dagpenge de f\u00f8rste 3 m\u00e5neder \u2013 op til 3.700 brutto pr. mdr. Hvem Krav Lavere dagpenge til medlemmer uden fors\u00f8rgerpligt Hvem Medlemmer, der ikke har fors\u00f8rgerpligt overfor et barn OG Er ledige i mere end 3 m\u00e5neder (dagpenge for 481 timer) Hvorn\u00e5r Satsen neds\u00e6ttes fra 1. maj 2023 Neds\u00e6ttes ogs\u00e5, &hellip; L\u00e6s videre \"Nye dagpengeregler fra 1. maj 2023\"","og_url":"https:\/\/lundsteenwiederquist.dk\/index.php\/2023\/03\/27\/nye-dagpengeregler-fra-1-maj-2023\/","article_published_time":"2023-03-27T09:57:17+00:00","og_image":[{"url":"http:\/\/lundsteenwiederquist.dk\/wp-content\/uploads\/2023\/03\/Dagpenge_skema.png","type":"","width":"","height":""}],"author":"admin","twitter_card":"summary_large_image","twitter_misc":{"Skrevet af":"admin","Estimeret l\u00e6setid":"1 minut"},"schema":{"@context":"https:\/\/schema.org","@graph":[{"@type":"Article","@id":"https:\/\/lundsteenwiederquist.dk\/index.php\/2023\/03\/27\/nye-dagpengeregler-fra-1-maj-2023\/#article","isPartOf":{"@id":"https:\/\/lundsteenwiederquist.dk\/index.php\/2023\/03\/27\/nye-dagpengeregler-fra-1-maj-2023\/"},"author":{"name":"admin","@id":"https:\/\/lundsteenwiederquist.dk\/#\/schema\/person\/4cc009e2debfd357f3c1f1d41db97e7a"},"headline":"Nye dagpengeregler fra 1. maj 2023","datePublished":"2023-03-27T09:57:17+00:00","mainEntityOfPage":{"@id":"https:\/\/lundsteenwiederquist.dk\/index.php\/2023\/03\/27\/nye-dagpengeregler-fra-1-maj-2023\/"},"wordCount":217,"commentCount":0,"image":{"@id":"https:\/\/lundsteenwiederquist.dk\/index.php\/2023\/03\/27\/nye-dagpengeregler-fra-1-maj-2023\/#primaryimage"},"thumbnailUrl":"http:\/\/lundsteenwiederquist.dk\/wp-content\/uploads\/2023\/03\/Dagpenge_skema.png","keywords":["besk\u00e6ftigelse","dagpenge","nye regler"],"articleSection":["Dagpenge","Lovforslag","Nyhedsbrev - Marts 2023"],"inLanguage":"da-DK","potentialAction":[{"@type":"CommentAction","name":"Comment","target":["https:\/\/lundsteenwiederquist.dk\/index.php\/2023\/03\/27\/nye-dagpengeregler-fra-1-maj-2023\/#respond"]}]},{"@type":"WebPage","@id":"https:\/\/lundsteenwiederquist.dk\/index.php\/2023\/03\/27\/nye-dagpengeregler-fra-1-maj-2023\/","url":"https:\/\/lundsteenwiederquist.dk\/index.php\/2023\/03\/27\/nye-dagpengeregler-fra-1-maj-2023\/","name":"Nye dagpengeregler fra 1. maj 2023 -","isPartOf":{"@id":"https:\/\/lundsteenwiederquist.dk\/#website"},"primaryImageOfPage":{"@id":"https:\/\/lundsteenwiederquist.dk\/index.php\/2023\/03\/27\/nye-dagpengeregler-fra-1-maj-2023\/#primaryimage"},"image":{"@id":"https:\/\/lundsteenwiederquist.dk\/index.php\/2023\/03\/27\/nye-dagpengeregler-fra-1-maj-2023\/#primaryimage"},"thumbnailUrl":"http:\/\/lundsteenwiederquist.dk\/wp-content\/uploads\/2023\/03\/Dagpenge_skema.png","datePublished":"2023-03-27T09:57:17+00:00","author":{"@id":"https:\/\/lundsteenwiederquist.dk\/#\/schema\/person\/4cc009e2debfd357f3c1f1d41db97e7a"},"breadcrumb":{"@id":"https:\/\/lundsteenwiederquist.dk\/index.php\/2023\/03\/27\/nye-dagpengeregler-fra-1-maj-2023\/#breadcrumb"},"inLanguage":"da-DK","potentialAction":[{"@type":"ReadAction","target":["https:\/\/lundsteenwiederquist.dk\/index.php\/2023\/03\/27\/nye-dagpengeregler-fra-1-maj-2023\/"]}]},{"@type":"ImageObject","inLanguage":"da-DK","@id":"https:\/\/lundsteenwiederquist.dk\/index.php\/2023\/03\/27\/nye-dagpengeregler-fra-1-maj-2023\/#primaryimage","url":"https:\/\/lundsteenwiederquist.dk\/wp-content\/uploads\/2023\/03\/Dagpenge_skema.png","contentUrl":"https:\/\/lundsteenwiederquist.dk\/wp-content\/uploads\/2023\/03\/Dagpenge_skema.png","width":482,"height":148},{"@type":"BreadcrumbList","@id":"https:\/\/lundsteenwiederquist.dk\/index.php\/2023\/03\/27\/nye-dagpengeregler-fra-1-maj-2023\/#breadcrumb","itemListElement":[{"@type":"ListItem","position":1,"name":"Hjem","item":"https:\/\/lundsteenwiederquist.dk\/"},{"@type":"ListItem","position":2,"name":"Nye dagpengeregler fra 1. maj 2023"}]},{"@type":"WebSite","@id":"https:\/\/lundsteenwiederquist.dk\/#website","url":"https:\/\/lundsteenwiederquist.dk\/","name":"","description":"G\u00f8r det sv\u00e6re enkelt","potentialAction":[{"@type":"SearchAction","target":{"@type":"EntryPoint","urlTemplate":"https:\/\/lundsteenwiederquist.dk\/?s={search_term_string}"},"query-input":{"@type":"PropertyValueSpecification","valueRequired":true,"valueName":"search_term_string"}}],"inLanguage":"da-DK"},{"@type":"Person","@id":"https:\/\/lundsteenwiederquist.dk\/#\/schema\/person\/4cc009e2debfd357f3c1f1d41db97e7a","name":"admin","image":{"@type":"ImageObject","inLanguage":"da-DK","@id":"https:\/\/secure.gravatar.com\/avatar\/a7c74f32e0a77a80d99aaeed83bf0f039fc9ef5be985255128731a791b56584a?s=96&d=mm&r=g","url":"https:\/\/secure.gravatar.com\/avatar\/a7c74f32e0a77a80d99aaeed83bf0f039fc9ef5be985255128731a791b56584a?s=96&d=mm&r=g","contentUrl":"https:\/\/secure.gravatar.com\/avatar\/a7c74f32e0a77a80d99aaeed83bf0f039fc9ef5be985255128731a791b56584a?s=96&d=mm&r=g","caption":"admin"},"sameAs":["http:\/\/lundsteenwiederquist.dk"],"url":"https:\/\/lundsteenwiederquist.dk\/index.php\/author\/admin\/"}]}},"_links":{"self":[{"href":"https:\/\/lundsteenwiederquist.dk\/index.php\/wp-json\/wp\/v2\/posts\/329","targetHints":{"allow":["GET"]}}],"collection":[{"href":"https:\/\/lundsteenwiederquist.dk\/index.php\/wp-json\/wp\/v2\/posts"}],"about":[{"href":"https:\/\/lundsteenwiederquist.dk\/index.php\/wp-json\/wp\/v2\/types\/post"}],"author":[{"embeddable":true,"href":"https:\/\/lundsteenwiederquist.dk\/index.php\/wp-json\/wp\/v2\/users\/1"}],"replies":[{"embeddable":true,"href":"https:\/\/lundsteenwiederquist.dk\/index.php\/wp-json\/wp\/v2\/comments?post=329"}],"version-history":[{"count":1,"href":"https:\/\/lundsteenwiederquist.dk\/index.php\/wp-json\/wp\/v2\/posts\/329\/revisions"}],"predecessor-version":[{"id":331,"href":"https:\/\/lundsteenwiederquist.dk\/index.php\/wp-json\/wp\/v2\/posts\/329\/revisions\/331"}],"wp:attachment":[{"href":"https:\/\/lundsteenwiederquist.dk\/index.php\/wp-json\/wp\/v2\/media?parent=329"}],"wp:term":[{"taxonomy":"category","embeddable":true,"href":"https:\/\/lundsteenwiederquist.dk\/index.php\/wp-json\/wp\/v2\/categories?post=329"},{"taxonomy":"post_tag","embeddable":true,"href":"https:\/\/lundsteenwiederquist.dk\/index.php\/wp-json\/wp\/v2\/tags?post=329"}],"curies":[{"name":"wp","href":"https:\/\/api.w.org\/{rel}","templated":true}]}}