{"id":336,"date":"2023-03-27T12:09:30","date_gmt":"2023-03-27T10:09:30","guid":{"rendered":"http:\/\/lundsteenwiederquist.dk\/?p=336"},"modified":"2023-03-27T12:09:30","modified_gmt":"2023-03-27T10:09:30","slug":"aftale-om-udmoentning-af-reserven-til-foranstaltninger-paa-social-sundheds-og-arbejdsmarkedsomraadet-2023-2026","status":"publish","type":"post","link":"https:\/\/lundsteenwiederquist.dk\/index.php\/2023\/03\/27\/aftale-om-udmoentning-af-reserven-til-foranstaltninger-paa-social-sundheds-og-arbejdsmarkedsomraadet-2023-2026\/","title":{"rendered":"<strong>Aftale om udm\u00f8ntning af reserven til foranstaltninger p\u00e5 social-, sundheds- og arbejdsmarkedsomr\u00e5det 2023-2026<\/strong>"},"content":{"rendered":"\n<p>Vi har kigget p\u00e5 aftalen og udvalgt de omr\u00e5der, som er af st\u00f8rst interesse for besk\u00e6ftigelsesomr\u00e5det:<\/p>\n\n\n\n<ul class=\"wp-block-list\">\n<li>Der afs\u00e6ttes 91,7 mio. kr. til en r\u00e6kke initiativer p\u00e5 besk\u00e6ftigelsesomr\u00e5det. Form\u00e5let er hj\u00e6lp til personer, der st\u00e5r uden for arbejdsmarkedet.<\/li>\n<\/ul>\n\n\n\n<p>Der afs\u00e6ttes bl.a. midler til initiativer vedr. kriminalitetstruede unge (High:five \u2013 jobformidling for unge i risiko for kriminalitet) og Joballiancen (et 4-\u00e5rigt projekt, der skal sikre jobs til unge med s\u00e6rlige behov) med henblik p\u00e5 at flere unge og voksne med psykiske lidelser, funktionsneds\u00e6ttelser eller andre sociale udfordringer kan komme i besk\u00e6ftigelse eller uddannelse.<\/p>\n\n\n\n<ul class=\"wp-block-list\">\n<li>Der er afs\u00e6ttes 28,8 mio. kr. til initiativer p\u00e5 kultur-, b\u00f8rne- og undervisningsomr\u00e5det med henblik p\u00e5 bl.a. at sikre et nyt elevoptag p\u00e5 Gladfondens flexuddannelse for tidligere STU-elever mellem 18 og 30 \u00e5r, der \u00f8nsker og har foruds\u00e6tningerne for at komme i besk\u00e6ftigelse, samt sikring af udbud af materiale til personer med l\u00e6sevanskeligheder (herunder blinde og svagtseende).<\/li>\n<\/ul>\n\n\n\n<ul class=\"wp-block-list\">\n<li>Initiativer for samlet 189,9 mio. kr. p\u00e5 social-, sundheds- og besk\u00e6ftigelsesomr\u00e5det er m\u00e5lrettet psykiatrien og skal ses i sammenh\u00e6ng med <em>Aftale om en 10-\u00e5rsplan for psykiatrien og mental sundhed.<\/em><\/li>\n<\/ul>\n\n\n\n<p><\/p>\n\n\n\n<p>L\u00e6s hele aftalen her: <a href=\"https:\/\/bm.dk\/nyheder-presse\/pressemeddelelser\/2023\/03\/ny-aftale-sender-over-90-millioner-kroner-til-initiativer-paa-beskaeftigelsesomraadet\/\" target=\"_blank\" rel=\"noreferrer noopener\">https:\/\/bm.dk\/nyheder-presse\/pressemeddelelser\/2023\/03\/ny-aftale-sender-over-90-millioner-kroner-til-initiativer-paa-beskaeftigelsesomraadet\/<\/a><\/p>\n","protected":false},"excerpt":{"rendered":"<p>Vi har kigget p\u00e5 aftalen og udvalgt de omr\u00e5der, som er af st\u00f8rst interesse for besk\u00e6ftigelsesomr\u00e5det: Der afs\u00e6ttes bl.a. midler til initiativer vedr. kriminalitetstruede unge (High:five \u2013 jobformidling for unge i risiko for kriminalitet) og Joballiancen (et 4-\u00e5rigt projekt, der skal sikre jobs til unge med s\u00e6rlige behov) med henblik p\u00e5 at flere unge og &hellip; <\/p>\n<p class=\"link-more\"><a href=\"https:\/\/lundsteenwiederquist.dk\/index.php\/2023\/03\/27\/aftale-om-udmoentning-af-reserven-til-foranstaltninger-paa-social-sundheds-og-arbejdsmarkedsomraadet-2023-2026\/\" class=\"more-link\">L\u00e6s videre<span class=\"screen-reader-text\"> &#8220;<strong>Aftale om udm\u00f8ntning af reserven til foranstaltninger p\u00e5 social-, sundheds- og arbejdsmarkedsomr\u00e5det 2023-2026<\/strong>&#8220;<\/span><\/a><\/p>\n","protected":false},"author":1,"featured_media":0,"comment_status":"open","ping_status":"open","sticky":false,"template":"","format":"standard","meta":{"footnotes":""},"categories":[91,38,206],"tags":[215,10],"class_list":["post-336","post","type-post","status-publish","format-standard","hentry","category-beskaeftigelse","category-beskaeftigelsesministeriet","category-nyhedsbrev-marts-2023","tag-aftale","tag-beskaeftigelse"],"yoast_head":"<!-- This site is optimized with the Yoast SEO plugin v27.4 - https:\/\/yoast.com\/product\/yoast-seo-wordpress\/ -->\n<title>Aftale om udm\u00f8ntning af reserven til foranstaltninger p\u00e5 social-, sundheds- og arbejdsmarkedsomr\u00e5det 2023-2026 -<\/title>\n<meta name=\"robots\" content=\"index, follow, max-snippet:-1, max-image-preview:large, max-video-preview:-1\" \/>\n<link rel=\"canonical\" href=\"https:\/\/lundsteenwiederquist.dk\/index.php\/2023\/03\/27\/aftale-om-udmoentning-af-reserven-til-foranstaltninger-paa-social-sundheds-og-arbejdsmarkedsomraadet-2023-2026\/\" \/>\n<meta property=\"og:locale\" content=\"da_DK\" \/>\n<meta property=\"og:type\" content=\"article\" \/>\n<meta property=\"og:title\" content=\"Aftale om udm\u00f8ntning af reserven til foranstaltninger p\u00e5 social-, sundheds- og arbejdsmarkedsomr\u00e5det 2023-2026 -\" \/>\n<meta property=\"og:description\" content=\"Vi har kigget p\u00e5 aftalen og udvalgt de omr\u00e5der, som er af st\u00f8rst interesse for besk\u00e6ftigelsesomr\u00e5det: Der afs\u00e6ttes bl.a. midler til initiativer vedr. kriminalitetstruede unge (High:five \u2013 jobformidling for unge i risiko for kriminalitet) og Joballiancen (et 4-\u00e5rigt projekt, der skal sikre jobs til unge med s\u00e6rlige behov) med henblik p\u00e5 at flere unge og &hellip; L\u00e6s videre &quot;Aftale om udm\u00f8ntning af reserven til foranstaltninger p\u00e5 social-, sundheds- og arbejdsmarkedsomr\u00e5det 2023-2026&quot;\" \/>\n<meta property=\"og:url\" content=\"https:\/\/lundsteenwiederquist.dk\/index.php\/2023\/03\/27\/aftale-om-udmoentning-af-reserven-til-foranstaltninger-paa-social-sundheds-og-arbejdsmarkedsomraadet-2023-2026\/\" \/>\n<meta property=\"article:published_time\" content=\"2023-03-27T10:09:30+00:00\" \/>\n<meta name=\"author\" content=\"admin\" \/>\n<meta name=\"twitter:card\" content=\"summary_large_image\" \/>\n<meta name=\"twitter:label1\" content=\"Skrevet af\" \/>\n\t<meta name=\"twitter:data1\" content=\"admin\" \/>\n\t<meta name=\"twitter:label2\" content=\"Estimeret l\u00e6setid\" \/>\n\t<meta name=\"twitter:data2\" content=\"1 minut\" \/>\n<script type=\"application\/ld+json\" class=\"yoast-schema-graph\">{\"@context\":\"https:\\\/\\\/schema.org\",\"@graph\":[{\"@type\":\"Article\",\"@id\":\"https:\\\/\\\/lundsteenwiederquist.dk\\\/index.php\\\/2023\\\/03\\\/27\\\/aftale-om-udmoentning-af-reserven-til-foranstaltninger-paa-social-sundheds-og-arbejdsmarkedsomraadet-2023-2026\\\/#article\",\"isPartOf\":{\"@id\":\"https:\\\/\\\/lundsteenwiederquist.dk\\\/index.php\\\/2023\\\/03\\\/27\\\/aftale-om-udmoentning-af-reserven-til-foranstaltninger-paa-social-sundheds-og-arbejdsmarkedsomraadet-2023-2026\\\/\"},\"author\":{\"name\":\"admin\",\"@id\":\"https:\\\/\\\/lundsteenwiederquist.dk\\\/#\\\/schema\\\/person\\\/4cc009e2debfd357f3c1f1d41db97e7a\"},\"headline\":\"Aftale om udm\u00f8ntning af reserven til foranstaltninger p\u00e5 social-, sundheds- og arbejdsmarkedsomr\u00e5det 2023-2026\",\"datePublished\":\"2023-03-27T10:09:30+00:00\",\"mainEntityOfPage\":{\"@id\":\"https:\\\/\\\/lundsteenwiederquist.dk\\\/index.php\\\/2023\\\/03\\\/27\\\/aftale-om-udmoentning-af-reserven-til-foranstaltninger-paa-social-sundheds-og-arbejdsmarkedsomraadet-2023-2026\\\/\"},\"wordCount\":228,\"commentCount\":0,\"keywords\":[\"aftale\",\"besk\u00e6ftigelse\"],\"articleSection\":[\"Besk\u00e6ftigelse\",\"Besk\u00e6ftigelsesministeriet\",\"Nyhedsbrev - Marts 2023\"],\"inLanguage\":\"da-DK\",\"potentialAction\":[{\"@type\":\"CommentAction\",\"name\":\"Comment\",\"target\":[\"https:\\\/\\\/lundsteenwiederquist.dk\\\/index.php\\\/2023\\\/03\\\/27\\\/aftale-om-udmoentning-af-reserven-til-foranstaltninger-paa-social-sundheds-og-arbejdsmarkedsomraadet-2023-2026\\\/#respond\"]}]},{\"@type\":\"WebPage\",\"@id\":\"https:\\\/\\\/lundsteenwiederquist.dk\\\/index.php\\\/2023\\\/03\\\/27\\\/aftale-om-udmoentning-af-reserven-til-foranstaltninger-paa-social-sundheds-og-arbejdsmarkedsomraadet-2023-2026\\\/\",\"url\":\"https:\\\/\\\/lundsteenwiederquist.dk\\\/index.php\\\/2023\\\/03\\\/27\\\/aftale-om-udmoentning-af-reserven-til-foranstaltninger-paa-social-sundheds-og-arbejdsmarkedsomraadet-2023-2026\\\/\",\"name\":\"Aftale om udm\u00f8ntning af reserven til foranstaltninger p\u00e5 social-, sundheds- og arbejdsmarkedsomr\u00e5det 2023-2026 -\",\"isPartOf\":{\"@id\":\"https:\\\/\\\/lundsteenwiederquist.dk\\\/#website\"},\"datePublished\":\"2023-03-27T10:09:30+00:00\",\"author\":{\"@id\":\"https:\\\/\\\/lundsteenwiederquist.dk\\\/#\\\/schema\\\/person\\\/4cc009e2debfd357f3c1f1d41db97e7a\"},\"breadcrumb\":{\"@id\":\"https:\\\/\\\/lundsteenwiederquist.dk\\\/index.php\\\/2023\\\/03\\\/27\\\/aftale-om-udmoentning-af-reserven-til-foranstaltninger-paa-social-sundheds-og-arbejdsmarkedsomraadet-2023-2026\\\/#breadcrumb\"},\"inLanguage\":\"da-DK\",\"potentialAction\":[{\"@type\":\"ReadAction\",\"target\":[\"https:\\\/\\\/lundsteenwiederquist.dk\\\/index.php\\\/2023\\\/03\\\/27\\\/aftale-om-udmoentning-af-reserven-til-foranstaltninger-paa-social-sundheds-og-arbejdsmarkedsomraadet-2023-2026\\\/\"]}]},{\"@type\":\"BreadcrumbList\",\"@id\":\"https:\\\/\\\/lundsteenwiederquist.dk\\\/index.php\\\/2023\\\/03\\\/27\\\/aftale-om-udmoentning-af-reserven-til-foranstaltninger-paa-social-sundheds-og-arbejdsmarkedsomraadet-2023-2026\\\/#breadcrumb\",\"itemListElement\":[{\"@type\":\"ListItem\",\"position\":1,\"name\":\"Hjem\",\"item\":\"https:\\\/\\\/lundsteenwiederquist.dk\\\/\"},{\"@type\":\"ListItem\",\"position\":2,\"name\":\"Aftale om udm\u00f8ntning af reserven til foranstaltninger p\u00e5 social-, sundheds- og arbejdsmarkedsomr\u00e5det 2023-2026\"}]},{\"@type\":\"WebSite\",\"@id\":\"https:\\\/\\\/lundsteenwiederquist.dk\\\/#website\",\"url\":\"https:\\\/\\\/lundsteenwiederquist.dk\\\/\",\"name\":\"\",\"description\":\"G\u00f8r det sv\u00e6re enkelt\",\"potentialAction\":[{\"@type\":\"SearchAction\",\"target\":{\"@type\":\"EntryPoint\",\"urlTemplate\":\"https:\\\/\\\/lundsteenwiederquist.dk\\\/?s={search_term_string}\"},\"query-input\":{\"@type\":\"PropertyValueSpecification\",\"valueRequired\":true,\"valueName\":\"search_term_string\"}}],\"inLanguage\":\"da-DK\"},{\"@type\":\"Person\",\"@id\":\"https:\\\/\\\/lundsteenwiederquist.dk\\\/#\\\/schema\\\/person\\\/4cc009e2debfd357f3c1f1d41db97e7a\",\"name\":\"admin\",\"image\":{\"@type\":\"ImageObject\",\"inLanguage\":\"da-DK\",\"@id\":\"https:\\\/\\\/secure.gravatar.com\\\/avatar\\\/a7c74f32e0a77a80d99aaeed83bf0f039fc9ef5be985255128731a791b56584a?s=96&d=mm&r=g\",\"url\":\"https:\\\/\\\/secure.gravatar.com\\\/avatar\\\/a7c74f32e0a77a80d99aaeed83bf0f039fc9ef5be985255128731a791b56584a?s=96&d=mm&r=g\",\"contentUrl\":\"https:\\\/\\\/secure.gravatar.com\\\/avatar\\\/a7c74f32e0a77a80d99aaeed83bf0f039fc9ef5be985255128731a791b56584a?s=96&d=mm&r=g\",\"caption\":\"admin\"},\"sameAs\":[\"http:\\\/\\\/lundsteenwiederquist.dk\"],\"url\":\"https:\\\/\\\/lundsteenwiederquist.dk\\\/index.php\\\/author\\\/admin\\\/\"}]}<\/script>\n<!-- \/ Yoast SEO plugin. -->","yoast_head_json":{"title":"Aftale om udm\u00f8ntning af reserven til foranstaltninger p\u00e5 social-, sundheds- og arbejdsmarkedsomr\u00e5det 2023-2026 -","robots":{"index":"index","follow":"follow","max-snippet":"max-snippet:-1","max-image-preview":"max-image-preview:large","max-video-preview":"max-video-preview:-1"},"canonical":"https:\/\/lundsteenwiederquist.dk\/index.php\/2023\/03\/27\/aftale-om-udmoentning-af-reserven-til-foranstaltninger-paa-social-sundheds-og-arbejdsmarkedsomraadet-2023-2026\/","og_locale":"da_DK","og_type":"article","og_title":"Aftale om udm\u00f8ntning af reserven til foranstaltninger p\u00e5 social-, sundheds- og arbejdsmarkedsomr\u00e5det 2023-2026 -","og_description":"Vi har kigget p\u00e5 aftalen og udvalgt de omr\u00e5der, som er af st\u00f8rst interesse for besk\u00e6ftigelsesomr\u00e5det: Der afs\u00e6ttes bl.a. midler til initiativer vedr. kriminalitetstruede unge (High:five \u2013 jobformidling for unge i risiko for kriminalitet) og Joballiancen (et 4-\u00e5rigt projekt, der skal sikre jobs til unge med s\u00e6rlige behov) med henblik p\u00e5 at flere unge og &hellip; L\u00e6s videre \"Aftale om udm\u00f8ntning af reserven til foranstaltninger p\u00e5 social-, sundheds- og arbejdsmarkedsomr\u00e5det 2023-2026\"","og_url":"https:\/\/lundsteenwiederquist.dk\/index.php\/2023\/03\/27\/aftale-om-udmoentning-af-reserven-til-foranstaltninger-paa-social-sundheds-og-arbejdsmarkedsomraadet-2023-2026\/","article_published_time":"2023-03-27T10:09:30+00:00","author":"admin","twitter_card":"summary_large_image","twitter_misc":{"Skrevet af":"admin","Estimeret l\u00e6setid":"1 minut"},"schema":{"@context":"https:\/\/schema.org","@graph":[{"@type":"Article","@id":"https:\/\/lundsteenwiederquist.dk\/index.php\/2023\/03\/27\/aftale-om-udmoentning-af-reserven-til-foranstaltninger-paa-social-sundheds-og-arbejdsmarkedsomraadet-2023-2026\/#article","isPartOf":{"@id":"https:\/\/lundsteenwiederquist.dk\/index.php\/2023\/03\/27\/aftale-om-udmoentning-af-reserven-til-foranstaltninger-paa-social-sundheds-og-arbejdsmarkedsomraadet-2023-2026\/"},"author":{"name":"admin","@id":"https:\/\/lundsteenwiederquist.dk\/#\/schema\/person\/4cc009e2debfd357f3c1f1d41db97e7a"},"headline":"Aftale om udm\u00f8ntning af reserven til foranstaltninger p\u00e5 social-, sundheds- og arbejdsmarkedsomr\u00e5det 2023-2026","datePublished":"2023-03-27T10:09:30+00:00","mainEntityOfPage":{"@id":"https:\/\/lundsteenwiederquist.dk\/index.php\/2023\/03\/27\/aftale-om-udmoentning-af-reserven-til-foranstaltninger-paa-social-sundheds-og-arbejdsmarkedsomraadet-2023-2026\/"},"wordCount":228,"commentCount":0,"keywords":["aftale","besk\u00e6ftigelse"],"articleSection":["Besk\u00e6ftigelse","Besk\u00e6ftigelsesministeriet","Nyhedsbrev - Marts 2023"],"inLanguage":"da-DK","potentialAction":[{"@type":"CommentAction","name":"Comment","target":["https:\/\/lundsteenwiederquist.dk\/index.php\/2023\/03\/27\/aftale-om-udmoentning-af-reserven-til-foranstaltninger-paa-social-sundheds-og-arbejdsmarkedsomraadet-2023-2026\/#respond"]}]},{"@type":"WebPage","@id":"https:\/\/lundsteenwiederquist.dk\/index.php\/2023\/03\/27\/aftale-om-udmoentning-af-reserven-til-foranstaltninger-paa-social-sundheds-og-arbejdsmarkedsomraadet-2023-2026\/","url":"https:\/\/lundsteenwiederquist.dk\/index.php\/2023\/03\/27\/aftale-om-udmoentning-af-reserven-til-foranstaltninger-paa-social-sundheds-og-arbejdsmarkedsomraadet-2023-2026\/","name":"Aftale om udm\u00f8ntning af reserven til foranstaltninger p\u00e5 social-, sundheds- og arbejdsmarkedsomr\u00e5det 2023-2026 -","isPartOf":{"@id":"https:\/\/lundsteenwiederquist.dk\/#website"},"datePublished":"2023-03-27T10:09:30+00:00","author":{"@id":"https:\/\/lundsteenwiederquist.dk\/#\/schema\/person\/4cc009e2debfd357f3c1f1d41db97e7a"},"breadcrumb":{"@id":"https:\/\/lundsteenwiederquist.dk\/index.php\/2023\/03\/27\/aftale-om-udmoentning-af-reserven-til-foranstaltninger-paa-social-sundheds-og-arbejdsmarkedsomraadet-2023-2026\/#breadcrumb"},"inLanguage":"da-DK","potentialAction":[{"@type":"ReadAction","target":["https:\/\/lundsteenwiederquist.dk\/index.php\/2023\/03\/27\/aftale-om-udmoentning-af-reserven-til-foranstaltninger-paa-social-sundheds-og-arbejdsmarkedsomraadet-2023-2026\/"]}]},{"@type":"BreadcrumbList","@id":"https:\/\/lundsteenwiederquist.dk\/index.php\/2023\/03\/27\/aftale-om-udmoentning-af-reserven-til-foranstaltninger-paa-social-sundheds-og-arbejdsmarkedsomraadet-2023-2026\/#breadcrumb","itemListElement":[{"@type":"ListItem","position":1,"name":"Hjem","item":"https:\/\/lundsteenwiederquist.dk\/"},{"@type":"ListItem","position":2,"name":"Aftale om udm\u00f8ntning af reserven til foranstaltninger p\u00e5 social-, sundheds- og arbejdsmarkedsomr\u00e5det 2023-2026"}]},{"@type":"WebSite","@id":"https:\/\/lundsteenwiederquist.dk\/#website","url":"https:\/\/lundsteenwiederquist.dk\/","name":"","description":"G\u00f8r det sv\u00e6re enkelt","potentialAction":[{"@type":"SearchAction","target":{"@type":"EntryPoint","urlTemplate":"https:\/\/lundsteenwiederquist.dk\/?s={search_term_string}"},"query-input":{"@type":"PropertyValueSpecification","valueRequired":true,"valueName":"search_term_string"}}],"inLanguage":"da-DK"},{"@type":"Person","@id":"https:\/\/lundsteenwiederquist.dk\/#\/schema\/person\/4cc009e2debfd357f3c1f1d41db97e7a","name":"admin","image":{"@type":"ImageObject","inLanguage":"da-DK","@id":"https:\/\/secure.gravatar.com\/avatar\/a7c74f32e0a77a80d99aaeed83bf0f039fc9ef5be985255128731a791b56584a?s=96&d=mm&r=g","url":"https:\/\/secure.gravatar.com\/avatar\/a7c74f32e0a77a80d99aaeed83bf0f039fc9ef5be985255128731a791b56584a?s=96&d=mm&r=g","contentUrl":"https:\/\/secure.gravatar.com\/avatar\/a7c74f32e0a77a80d99aaeed83bf0f039fc9ef5be985255128731a791b56584a?s=96&d=mm&r=g","caption":"admin"},"sameAs":["http:\/\/lundsteenwiederquist.dk"],"url":"https:\/\/lundsteenwiederquist.dk\/index.php\/author\/admin\/"}]}},"_links":{"self":[{"href":"https:\/\/lundsteenwiederquist.dk\/index.php\/wp-json\/wp\/v2\/posts\/336","targetHints":{"allow":["GET"]}}],"collection":[{"href":"https:\/\/lundsteenwiederquist.dk\/index.php\/wp-json\/wp\/v2\/posts"}],"about":[{"href":"https:\/\/lundsteenwiederquist.dk\/index.php\/wp-json\/wp\/v2\/types\/post"}],"author":[{"embeddable":true,"href":"https:\/\/lundsteenwiederquist.dk\/index.php\/wp-json\/wp\/v2\/users\/1"}],"replies":[{"embeddable":true,"href":"https:\/\/lundsteenwiederquist.dk\/index.php\/wp-json\/wp\/v2\/comments?post=336"}],"version-history":[{"count":1,"href":"https:\/\/lundsteenwiederquist.dk\/index.php\/wp-json\/wp\/v2\/posts\/336\/revisions"}],"predecessor-version":[{"id":337,"href":"https:\/\/lundsteenwiederquist.dk\/index.php\/wp-json\/wp\/v2\/posts\/336\/revisions\/337"}],"wp:attachment":[{"href":"https:\/\/lundsteenwiederquist.dk\/index.php\/wp-json\/wp\/v2\/media?parent=336"}],"wp:term":[{"taxonomy":"category","embeddable":true,"href":"https:\/\/lundsteenwiederquist.dk\/index.php\/wp-json\/wp\/v2\/categories?post=336"},{"taxonomy":"post_tag","embeddable":true,"href":"https:\/\/lundsteenwiederquist.dk\/index.php\/wp-json\/wp\/v2\/tags?post=336"}],"curies":[{"name":"wp","href":"https:\/\/api.w.org\/{rel}","templated":true}]}}