{"id":484,"date":"2024-05-02T22:43:32","date_gmt":"2024-05-02T20:43:32","guid":{"rendered":"https:\/\/lundsteenwiederquist.dk\/?p=484"},"modified":"2024-05-02T22:43:33","modified_gmt":"2024-05-02T20:43:33","slug":"lf-152-forslag-til-lov-om-aendring-af-lov-om-aktiv-socialpolitik","status":"publish","type":"post","link":"https:\/\/lundsteenwiederquist.dk\/index.php\/2024\/05\/02\/lf-152-forslag-til-lov-om-aendring-af-lov-om-aktiv-socialpolitik\/","title":{"rendered":"LF 152 &#8211; Forslag til lov om \u00e6ndring af lov om aktiv socialpolitik."},"content":{"rendered":"\n<p><strong>(Sk\u00e6rpede betingelser for at opn\u00e5 ret til kontanthj\u00e6lp)<\/strong><\/p>\n\n\n\n<p>Regeringen indgik i efter\u00e5ret 2023 tre delaftaler p\u00e5 kontanthj\u00e6lpsomr\u00e5det.<\/p>\n\n\n\n<p>Dette lovforslag indg\u00e5r derfor som en del af en st\u00f8rre reform af kontanthj\u00e6lpssystemet. Lov\u00e6ndringen, som omtales her, forventes at tr\u00e6de i kraft den 1. juli 2024. <br>Virkningen af forslaget indtr\u00e6der fuldt ud med virkning fra 1. juli 2025.<\/p>\n\n\n\n<p><strong>Forslagets indhold:<\/strong><\/p>\n\n\n\n<p>Forslaget indeholder en udvidelse af besk\u00e6ftigelseskravet, som er en betingelse for udl\u00e6ndinges mulighed for at modtage kontant- eller uddannelseshj\u00e6lp.<\/p>\n\n\n\n<p>I dag g\u00e6lder besk\u00e6ftigelseskravet i Lov om aktiv socialpolitik \u00a7 11, stk. 8, 2. for:<\/p>\n\n\n\n<p>1) udl\u00e6ndinge, der p\u00e5 baggrund af indrejse fra udlandet er blevet folkeregisteret her i riget med virkning fra den 1. januar 2008 eller senere, som ikke tidligere har v\u00e6ret folkeregisteret her i riget, og<\/p>\n\n\n\n<p>2) for personer, der er blevet folkeregisteret som indrejst fra udlandet i riget med virkning fra den 1. januar 2008 eller senere efter udlandsophold i mere end 12 p\u00e5 hinanden f\u00f8lgende m\u00e5neder (genindrejste).<\/p>\n\n\n\n<p>If\u00f8lge lovforslaget \u00e6ndres tidspunktet for indrejsen og genindrejsen til d.02.april 1968. <br>Det \u00e6ndrede krav kommer ligeledes til at fremg\u00e5 af Lov om aktiv socialpolitik \u00a711,stk.8.<\/p>\n\n\n\n<p>N\u00e5r \u00e6ndringerne tr\u00e6der i kraft, udvides personkredsen, som skal opfylde besk\u00e6ftigelseskravet, til at omfatte personer, der er registreret i Folkeregistret, som f\u00f8rstegangsindrejste eller genindrejste fra etableringen af Det Centrale Personregister (CPR) den 02. april 1968 eller senere.<\/p>\n\n\n\n<p>Besk\u00e6ftigelseskravet udg\u00f8res af et krav om fuldtidsbesk\u00e6ftigelse i 2 \u00e5r og 6 m\u00e5neder inden for de seneste 10 \u00e5r (som det g\u00e6ldende krav).<\/p>\n\n\n\n<p>Hvis denne gruppe af uddannelseshj\u00e6lps- og kontanthj\u00e6lpsmodtagere ikke opfylder besk\u00e6ftigelseskravet, vil de modtage selvfors\u00f8rgelses og hjemrejseydelse eller overgangsydelse i stedet for uddannelses- eller kontanthj\u00e6lp.<\/p>\n\n\n\n<p>Besk\u00e6ftigelseskravet vil dog ikke g\u00e6lde for EU-\/E\u00d8S-borgere, i det omfang de er berettigede til hj\u00e6lpen efter EU-retten. Det f\u00f8lger af \u00a7 11, stk. 10, i lov om aktiv socialpolitik.<\/p>\n\n\n\n<p><strong>Gennemf\u00f8relsen i praksis:<\/strong><\/p>\n\n\n\n<p>Efter forslaget skal kommunerne, i forbindelse med udbetalingen af hj\u00e6lp for juli m\u00e5ned 2025 og efterf\u00f8lgende, unders\u00f8ge, om der er tale om en person, som er er omfattet af besk\u00e6ftigelseskravet.<\/p>\n\n\n\n<p>Hvis dette er tilf\u00e6ldet, skal kommunen unders\u00f8ge, om personen som EU-\/E\u00d8S-borger er undtaget fra besk\u00e6ftigelseskravet i LAS \u00a7 11, stk. 10.<\/p>\n\n\n\n<p>Hvis opholdskravet skal opfyldes, men ikke er opfyldt, vil personen kun have ret til at modtage selvfors\u00f8rgelses- og hjemrejseydelse eller overgangsydelse, hvis p\u00e5g\u00e6ldende i \u00f8vrigt opfylder betingelserne for at modtage hj\u00e6lp.<\/p>\n\n\n\n<p>Kommunerne kan fra lovens ikrafttr\u00e6den den 1. juli 2024 fastl\u00e6gge procedurer for, hvordan uddannelseshj\u00e6lps- og kontanthj\u00e6lpssagerne skal gennemg\u00e5s inden lov\u00e6ndringen f\u00e5r virkning fra 1. juli 2025. Der t\u00e6nkes blandt andet p\u00e5, hvordan uds\u00f8gning af personer, der skal opfylde besk\u00e6ftigelseskravet, vil kunne it-underst\u00f8ttes.<\/p>\n\n\n\n<p>Se lovforslaget her: <a href=\"https:\/\/www.ft.dk\/samling\/20231\/lovforslag\/l152\/index.htm\">https:\/\/www.ft.dk\/samling\/20231\/lovforslag\/l152\/index.htm<\/a> <\/p>\n","protected":false},"excerpt":{"rendered":"<p>(Sk\u00e6rpede betingelser for at opn\u00e5 ret til kontanthj\u00e6lp) Regeringen indgik i efter\u00e5ret 2023 tre delaftaler p\u00e5 kontanthj\u00e6lpsomr\u00e5det. Dette lovforslag indg\u00e5r derfor som en del af en st\u00f8rre reform af kontanthj\u00e6lpssystemet. Lov\u00e6ndringen, som omtales her, forventes at tr\u00e6de i kraft den 1. juli 2024. Virkningen af forslaget indtr\u00e6der fuldt ud med virkning fra 1. juli 2025. &hellip; <\/p>\n<p class=\"link-more\"><a href=\"https:\/\/lundsteenwiederquist.dk\/index.php\/2024\/05\/02\/lf-152-forslag-til-lov-om-aendring-af-lov-om-aktiv-socialpolitik\/\" class=\"more-link\">L\u00e6s videre<span class=\"screen-reader-text\"> &#8220;LF 152 &#8211; Forslag til lov om \u00e6ndring af lov om aktiv socialpolitik.&#8221;<\/span><\/a><\/p>\n","protected":false},"author":1,"featured_media":0,"comment_status":"open","ping_status":"open","sticky":false,"template":"","format":"standard","meta":{"footnotes":""},"categories":[91,38,12,332,142,144,297,17],"tags":[],"class_list":["post-484","post","type-post","status-publish","format-standard","hentry","category-beskaeftigelse","category-beskaeftigelsesministeriet","category-kontanthjaelp","category-nyhedsbrev-april-2024","category-overgangsydelse","category-selvforsorgelses-og-hjemrejseydelse","category-tema-aftale-om-nyt-kontanthjaelpssystem","category-uddannelseshjaelp"],"yoast_head":"<!-- This site is optimized with the Yoast SEO plugin v27.4 - https:\/\/yoast.com\/product\/yoast-seo-wordpress\/ -->\n<title>LF 152 - Forslag til lov om \u00e6ndring af lov om aktiv socialpolitik. -<\/title>\n<meta name=\"robots\" content=\"index, follow, max-snippet:-1, max-image-preview:large, max-video-preview:-1\" \/>\n<link rel=\"canonical\" href=\"https:\/\/lundsteenwiederquist.dk\/index.php\/2024\/05\/02\/lf-152-forslag-til-lov-om-aendring-af-lov-om-aktiv-socialpolitik\/\" \/>\n<meta property=\"og:locale\" content=\"da_DK\" \/>\n<meta property=\"og:type\" content=\"article\" \/>\n<meta property=\"og:title\" content=\"LF 152 - Forslag til lov om \u00e6ndring af lov om aktiv socialpolitik. -\" \/>\n<meta property=\"og:description\" content=\"(Sk\u00e6rpede betingelser for at opn\u00e5 ret til kontanthj\u00e6lp) Regeringen indgik i efter\u00e5ret 2023 tre delaftaler p\u00e5 kontanthj\u00e6lpsomr\u00e5det. Dette lovforslag indg\u00e5r derfor som en del af en st\u00f8rre reform af kontanthj\u00e6lpssystemet. Lov\u00e6ndringen, som omtales her, forventes at tr\u00e6de i kraft den 1. juli 2024. Virkningen af forslaget indtr\u00e6der fuldt ud med virkning fra 1. juli 2025. &hellip; L\u00e6s videre &quot;LF 152 &#8211; Forslag til lov om \u00e6ndring af lov om aktiv socialpolitik.&quot;\" \/>\n<meta property=\"og:url\" content=\"https:\/\/lundsteenwiederquist.dk\/index.php\/2024\/05\/02\/lf-152-forslag-til-lov-om-aendring-af-lov-om-aktiv-socialpolitik\/\" \/>\n<meta property=\"article:published_time\" content=\"2024-05-02T20:43:32+00:00\" \/>\n<meta property=\"article:modified_time\" content=\"2024-05-02T20:43:33+00:00\" \/>\n<meta name=\"author\" content=\"admin\" \/>\n<meta name=\"twitter:card\" content=\"summary_large_image\" \/>\n<meta name=\"twitter:label1\" content=\"Skrevet af\" \/>\n\t<meta name=\"twitter:data1\" content=\"admin\" \/>\n\t<meta name=\"twitter:label2\" content=\"Estimeret l\u00e6setid\" \/>\n\t<meta name=\"twitter:data2\" content=\"3 minutter\" \/>\n<script type=\"application\/ld+json\" class=\"yoast-schema-graph\">{\"@context\":\"https:\\\/\\\/schema.org\",\"@graph\":[{\"@type\":\"Article\",\"@id\":\"https:\\\/\\\/lundsteenwiederquist.dk\\\/index.php\\\/2024\\\/05\\\/02\\\/lf-152-forslag-til-lov-om-aendring-af-lov-om-aktiv-socialpolitik\\\/#article\",\"isPartOf\":{\"@id\":\"https:\\\/\\\/lundsteenwiederquist.dk\\\/index.php\\\/2024\\\/05\\\/02\\\/lf-152-forslag-til-lov-om-aendring-af-lov-om-aktiv-socialpolitik\\\/\"},\"author\":{\"name\":\"admin\",\"@id\":\"https:\\\/\\\/lundsteenwiederquist.dk\\\/#\\\/schema\\\/person\\\/4cc009e2debfd357f3c1f1d41db97e7a\"},\"headline\":\"LF 152 &#8211; Forslag til lov om \u00e6ndring af lov om aktiv socialpolitik.\",\"datePublished\":\"2024-05-02T20:43:32+00:00\",\"dateModified\":\"2024-05-02T20:43:33+00:00\",\"mainEntityOfPage\":{\"@id\":\"https:\\\/\\\/lundsteenwiederquist.dk\\\/index.php\\\/2024\\\/05\\\/02\\\/lf-152-forslag-til-lov-om-aendring-af-lov-om-aktiv-socialpolitik\\\/\"},\"wordCount\":482,\"commentCount\":0,\"articleSection\":[\"Besk\u00e6ftigelse\",\"Besk\u00e6ftigelsesministeriet\",\"Kontanthj\u00e6lp\",\"Nyhedsbrev - April 2024\",\"Overgangsydelse\",\"Selvfors\u00f8rgelses- og hjemrejseydelse\",\"Tema - Aftale om nyt kontanthj\u00e6lpssystem\",\"Uddannelseshj\u00e6lp\"],\"inLanguage\":\"da-DK\",\"potentialAction\":[{\"@type\":\"CommentAction\",\"name\":\"Comment\",\"target\":[\"https:\\\/\\\/lundsteenwiederquist.dk\\\/index.php\\\/2024\\\/05\\\/02\\\/lf-152-forslag-til-lov-om-aendring-af-lov-om-aktiv-socialpolitik\\\/#respond\"]}]},{\"@type\":\"WebPage\",\"@id\":\"https:\\\/\\\/lundsteenwiederquist.dk\\\/index.php\\\/2024\\\/05\\\/02\\\/lf-152-forslag-til-lov-om-aendring-af-lov-om-aktiv-socialpolitik\\\/\",\"url\":\"https:\\\/\\\/lundsteenwiederquist.dk\\\/index.php\\\/2024\\\/05\\\/02\\\/lf-152-forslag-til-lov-om-aendring-af-lov-om-aktiv-socialpolitik\\\/\",\"name\":\"LF 152 - Forslag til lov om \u00e6ndring af lov om aktiv socialpolitik. -\",\"isPartOf\":{\"@id\":\"https:\\\/\\\/lundsteenwiederquist.dk\\\/#website\"},\"datePublished\":\"2024-05-02T20:43:32+00:00\",\"dateModified\":\"2024-05-02T20:43:33+00:00\",\"author\":{\"@id\":\"https:\\\/\\\/lundsteenwiederquist.dk\\\/#\\\/schema\\\/person\\\/4cc009e2debfd357f3c1f1d41db97e7a\"},\"breadcrumb\":{\"@id\":\"https:\\\/\\\/lundsteenwiederquist.dk\\\/index.php\\\/2024\\\/05\\\/02\\\/lf-152-forslag-til-lov-om-aendring-af-lov-om-aktiv-socialpolitik\\\/#breadcrumb\"},\"inLanguage\":\"da-DK\",\"potentialAction\":[{\"@type\":\"ReadAction\",\"target\":[\"https:\\\/\\\/lundsteenwiederquist.dk\\\/index.php\\\/2024\\\/05\\\/02\\\/lf-152-forslag-til-lov-om-aendring-af-lov-om-aktiv-socialpolitik\\\/\"]}]},{\"@type\":\"BreadcrumbList\",\"@id\":\"https:\\\/\\\/lundsteenwiederquist.dk\\\/index.php\\\/2024\\\/05\\\/02\\\/lf-152-forslag-til-lov-om-aendring-af-lov-om-aktiv-socialpolitik\\\/#breadcrumb\",\"itemListElement\":[{\"@type\":\"ListItem\",\"position\":1,\"name\":\"Hjem\",\"item\":\"https:\\\/\\\/lundsteenwiederquist.dk\\\/\"},{\"@type\":\"ListItem\",\"position\":2,\"name\":\"LF 152 &#8211; Forslag til lov om \u00e6ndring af lov om aktiv socialpolitik.\"}]},{\"@type\":\"WebSite\",\"@id\":\"https:\\\/\\\/lundsteenwiederquist.dk\\\/#website\",\"url\":\"https:\\\/\\\/lundsteenwiederquist.dk\\\/\",\"name\":\"\",\"description\":\"G\u00f8r det sv\u00e6re enkelt\",\"potentialAction\":[{\"@type\":\"SearchAction\",\"target\":{\"@type\":\"EntryPoint\",\"urlTemplate\":\"https:\\\/\\\/lundsteenwiederquist.dk\\\/?s={search_term_string}\"},\"query-input\":{\"@type\":\"PropertyValueSpecification\",\"valueRequired\":true,\"valueName\":\"search_term_string\"}}],\"inLanguage\":\"da-DK\"},{\"@type\":\"Person\",\"@id\":\"https:\\\/\\\/lundsteenwiederquist.dk\\\/#\\\/schema\\\/person\\\/4cc009e2debfd357f3c1f1d41db97e7a\",\"name\":\"admin\",\"image\":{\"@type\":\"ImageObject\",\"inLanguage\":\"da-DK\",\"@id\":\"https:\\\/\\\/secure.gravatar.com\\\/avatar\\\/a7c74f32e0a77a80d99aaeed83bf0f039fc9ef5be985255128731a791b56584a?s=96&d=mm&r=g\",\"url\":\"https:\\\/\\\/secure.gravatar.com\\\/avatar\\\/a7c74f32e0a77a80d99aaeed83bf0f039fc9ef5be985255128731a791b56584a?s=96&d=mm&r=g\",\"contentUrl\":\"https:\\\/\\\/secure.gravatar.com\\\/avatar\\\/a7c74f32e0a77a80d99aaeed83bf0f039fc9ef5be985255128731a791b56584a?s=96&d=mm&r=g\",\"caption\":\"admin\"},\"sameAs\":[\"http:\\\/\\\/lundsteenwiederquist.dk\"],\"url\":\"https:\\\/\\\/lundsteenwiederquist.dk\\\/index.php\\\/author\\\/admin\\\/\"}]}<\/script>\n<!-- \/ Yoast SEO plugin. -->","yoast_head_json":{"title":"LF 152 - Forslag til lov om \u00e6ndring af lov om aktiv socialpolitik. -","robots":{"index":"index","follow":"follow","max-snippet":"max-snippet:-1","max-image-preview":"max-image-preview:large","max-video-preview":"max-video-preview:-1"},"canonical":"https:\/\/lundsteenwiederquist.dk\/index.php\/2024\/05\/02\/lf-152-forslag-til-lov-om-aendring-af-lov-om-aktiv-socialpolitik\/","og_locale":"da_DK","og_type":"article","og_title":"LF 152 - Forslag til lov om \u00e6ndring af lov om aktiv socialpolitik. -","og_description":"(Sk\u00e6rpede betingelser for at opn\u00e5 ret til kontanthj\u00e6lp) Regeringen indgik i efter\u00e5ret 2023 tre delaftaler p\u00e5 kontanthj\u00e6lpsomr\u00e5det. Dette lovforslag indg\u00e5r derfor som en del af en st\u00f8rre reform af kontanthj\u00e6lpssystemet. Lov\u00e6ndringen, som omtales her, forventes at tr\u00e6de i kraft den 1. juli 2024. Virkningen af forslaget indtr\u00e6der fuldt ud med virkning fra 1. juli 2025. &hellip; L\u00e6s videre \"LF 152 &#8211; Forslag til lov om \u00e6ndring af lov om aktiv socialpolitik.\"","og_url":"https:\/\/lundsteenwiederquist.dk\/index.php\/2024\/05\/02\/lf-152-forslag-til-lov-om-aendring-af-lov-om-aktiv-socialpolitik\/","article_published_time":"2024-05-02T20:43:32+00:00","article_modified_time":"2024-05-02T20:43:33+00:00","author":"admin","twitter_card":"summary_large_image","twitter_misc":{"Skrevet af":"admin","Estimeret l\u00e6setid":"3 minutter"},"schema":{"@context":"https:\/\/schema.org","@graph":[{"@type":"Article","@id":"https:\/\/lundsteenwiederquist.dk\/index.php\/2024\/05\/02\/lf-152-forslag-til-lov-om-aendring-af-lov-om-aktiv-socialpolitik\/#article","isPartOf":{"@id":"https:\/\/lundsteenwiederquist.dk\/index.php\/2024\/05\/02\/lf-152-forslag-til-lov-om-aendring-af-lov-om-aktiv-socialpolitik\/"},"author":{"name":"admin","@id":"https:\/\/lundsteenwiederquist.dk\/#\/schema\/person\/4cc009e2debfd357f3c1f1d41db97e7a"},"headline":"LF 152 &#8211; Forslag til lov om \u00e6ndring af lov om aktiv socialpolitik.","datePublished":"2024-05-02T20:43:32+00:00","dateModified":"2024-05-02T20:43:33+00:00","mainEntityOfPage":{"@id":"https:\/\/lundsteenwiederquist.dk\/index.php\/2024\/05\/02\/lf-152-forslag-til-lov-om-aendring-af-lov-om-aktiv-socialpolitik\/"},"wordCount":482,"commentCount":0,"articleSection":["Besk\u00e6ftigelse","Besk\u00e6ftigelsesministeriet","Kontanthj\u00e6lp","Nyhedsbrev - April 2024","Overgangsydelse","Selvfors\u00f8rgelses- og hjemrejseydelse","Tema - Aftale om nyt kontanthj\u00e6lpssystem","Uddannelseshj\u00e6lp"],"inLanguage":"da-DK","potentialAction":[{"@type":"CommentAction","name":"Comment","target":["https:\/\/lundsteenwiederquist.dk\/index.php\/2024\/05\/02\/lf-152-forslag-til-lov-om-aendring-af-lov-om-aktiv-socialpolitik\/#respond"]}]},{"@type":"WebPage","@id":"https:\/\/lundsteenwiederquist.dk\/index.php\/2024\/05\/02\/lf-152-forslag-til-lov-om-aendring-af-lov-om-aktiv-socialpolitik\/","url":"https:\/\/lundsteenwiederquist.dk\/index.php\/2024\/05\/02\/lf-152-forslag-til-lov-om-aendring-af-lov-om-aktiv-socialpolitik\/","name":"LF 152 - Forslag til lov om \u00e6ndring af lov om aktiv socialpolitik. -","isPartOf":{"@id":"https:\/\/lundsteenwiederquist.dk\/#website"},"datePublished":"2024-05-02T20:43:32+00:00","dateModified":"2024-05-02T20:43:33+00:00","author":{"@id":"https:\/\/lundsteenwiederquist.dk\/#\/schema\/person\/4cc009e2debfd357f3c1f1d41db97e7a"},"breadcrumb":{"@id":"https:\/\/lundsteenwiederquist.dk\/index.php\/2024\/05\/02\/lf-152-forslag-til-lov-om-aendring-af-lov-om-aktiv-socialpolitik\/#breadcrumb"},"inLanguage":"da-DK","potentialAction":[{"@type":"ReadAction","target":["https:\/\/lundsteenwiederquist.dk\/index.php\/2024\/05\/02\/lf-152-forslag-til-lov-om-aendring-af-lov-om-aktiv-socialpolitik\/"]}]},{"@type":"BreadcrumbList","@id":"https:\/\/lundsteenwiederquist.dk\/index.php\/2024\/05\/02\/lf-152-forslag-til-lov-om-aendring-af-lov-om-aktiv-socialpolitik\/#breadcrumb","itemListElement":[{"@type":"ListItem","position":1,"name":"Hjem","item":"https:\/\/lundsteenwiederquist.dk\/"},{"@type":"ListItem","position":2,"name":"LF 152 &#8211; Forslag til lov om \u00e6ndring af lov om aktiv socialpolitik."}]},{"@type":"WebSite","@id":"https:\/\/lundsteenwiederquist.dk\/#website","url":"https:\/\/lundsteenwiederquist.dk\/","name":"","description":"G\u00f8r det sv\u00e6re enkelt","potentialAction":[{"@type":"SearchAction","target":{"@type":"EntryPoint","urlTemplate":"https:\/\/lundsteenwiederquist.dk\/?s={search_term_string}"},"query-input":{"@type":"PropertyValueSpecification","valueRequired":true,"valueName":"search_term_string"}}],"inLanguage":"da-DK"},{"@type":"Person","@id":"https:\/\/lundsteenwiederquist.dk\/#\/schema\/person\/4cc009e2debfd357f3c1f1d41db97e7a","name":"admin","image":{"@type":"ImageObject","inLanguage":"da-DK","@id":"https:\/\/secure.gravatar.com\/avatar\/a7c74f32e0a77a80d99aaeed83bf0f039fc9ef5be985255128731a791b56584a?s=96&d=mm&r=g","url":"https:\/\/secure.gravatar.com\/avatar\/a7c74f32e0a77a80d99aaeed83bf0f039fc9ef5be985255128731a791b56584a?s=96&d=mm&r=g","contentUrl":"https:\/\/secure.gravatar.com\/avatar\/a7c74f32e0a77a80d99aaeed83bf0f039fc9ef5be985255128731a791b56584a?s=96&d=mm&r=g","caption":"admin"},"sameAs":["http:\/\/lundsteenwiederquist.dk"],"url":"https:\/\/lundsteenwiederquist.dk\/index.php\/author\/admin\/"}]}},"_links":{"self":[{"href":"https:\/\/lundsteenwiederquist.dk\/index.php\/wp-json\/wp\/v2\/posts\/484","targetHints":{"allow":["GET"]}}],"collection":[{"href":"https:\/\/lundsteenwiederquist.dk\/index.php\/wp-json\/wp\/v2\/posts"}],"about":[{"href":"https:\/\/lundsteenwiederquist.dk\/index.php\/wp-json\/wp\/v2\/types\/post"}],"author":[{"embeddable":true,"href":"https:\/\/lundsteenwiederquist.dk\/index.php\/wp-json\/wp\/v2\/users\/1"}],"replies":[{"embeddable":true,"href":"https:\/\/lundsteenwiederquist.dk\/index.php\/wp-json\/wp\/v2\/comments?post=484"}],"version-history":[{"count":1,"href":"https:\/\/lundsteenwiederquist.dk\/index.php\/wp-json\/wp\/v2\/posts\/484\/revisions"}],"predecessor-version":[{"id":485,"href":"https:\/\/lundsteenwiederquist.dk\/index.php\/wp-json\/wp\/v2\/posts\/484\/revisions\/485"}],"wp:attachment":[{"href":"https:\/\/lundsteenwiederquist.dk\/index.php\/wp-json\/wp\/v2\/media?parent=484"}],"wp:term":[{"taxonomy":"category","embeddable":true,"href":"https:\/\/lundsteenwiederquist.dk\/index.php\/wp-json\/wp\/v2\/categories?post=484"},{"taxonomy":"post_tag","embeddable":true,"href":"https:\/\/lundsteenwiederquist.dk\/index.php\/wp-json\/wp\/v2\/tags?post=484"}],"curies":[{"name":"wp","href":"https:\/\/api.w.org\/{rel}","templated":true}]}}