{"id":52,"date":"2022-02-05T21:43:14","date_gmt":"2022-02-05T21:43:14","guid":{"rendered":"http:\/\/lundsteenwiederquist.dk\/?p=52"},"modified":"2022-04-10T16:03:07","modified_gmt":"2022-04-10T16:03:07","slug":"covid-19-er-ikke-laengere-en-samfundskritisk-sygdom-alle-saerregler-er-ophaevet","status":"publish","type":"post","link":"https:\/\/lundsteenwiederquist.dk\/index.php\/2022\/02\/05\/covid-19-er-ikke-laengere-en-samfundskritisk-sygdom-alle-saerregler-er-ophaevet\/","title":{"rendered":"Covid-19 er ikke l\u00e6ngere en samfundskritisk sygdom \u2013 alle s\u00e6rregler er oph\u00e6vet\u00a0"},"content":{"rendered":"\n<p id=\"block-50ccd7d8-7b2f-401e-a204-42f029191d78\"><\/p>\n\n\n\n<p id=\"block-d08f35bc-8adb-4564-9bbd-0205df457981\">Covid-19 er fra den 1. februar 2022 ikke l\u00e6ngere en samfundskritisk sygdom og de s\u00e6rlige restriktioner for besk\u00e6ftigelsesindsatsen g\u00e6lder ikke l\u00e6ngere.&nbsp;<\/p>\n\n\n\n<p id=\"block-14792cc4-be15-4dc6-aad1-fd09f5a4776c\">Der er ikke l\u00e6ngere krav om brug af mundbind og visir i Jobcentrene og samtaler skal igen afholdes efter de almindelige regler. &nbsp;<br>Det betyder at samtaler som udgangspunkt skal afholdes ved fysisk fremm\u00f8de. Kan en samtale ikke afholdes fordi sagsbehandler eller borger er i isolation, skal samtalen flyttes til et andet tidspunkt.&nbsp;<\/p>\n\n\n\n<p id=\"block-081cde3b-5464-4db3-9ee4-92d4702f7608\">Jobcentre og a-kasser skal ogs\u00e5 fortsat v\u00e6re s\u00e6rligt opm\u00e6rksomme p\u00e5 og tage s\u00e6rlige hensyn til, om en borger er i risikogrupperne for covid-19, jf. Sundhedsstyrelsens udmelding om risikogrupper, forud for henvisning til job og tilbud med fysisk fremm\u00f8de.&nbsp;<\/p>\n\n\n\n<p id=\"block-35f63d6a-1a57-430f-b5b1-210d62cf40bf\">Jobcentret skal fortsat tage s\u00e6rlige hensyn til, om en borger er i risikogrupperne for covid-19, jf. Sundhedsstyrelsens retningslinjer, forud for henvisning til job og tilbud med fysisk fremm\u00f8de.&nbsp;<\/p>\n\n\n\n<p id=\"block-ad2ce18a-9003-4f9f-8ac5-ff52ca01ba59\">Der b\u00f8r tages hensyn til borgere, der er utrygge ved smittesituationen fx ved at tilrettel\u00e6gge samtaler eller tilbud i dialog med borgeren p\u00e5 en m\u00e5de, der skaber tryghed for borgeren.&nbsp;<\/p>\n\n\n\n<p id=\"block-388908fb-f614-4629-9151-b386ce7c1298\">Link til STAR: <a rel=\"noreferrer noopener\" href=\"https:\/\/star.dk\/om-styrelsen\/nyt\/corona-virus-betydning-for-beskaeftigelsesindsatsen-og-ydelser\/\" target=\"_blank\">https:\/\/star.dk\/om-styrelsen\/nyt\/corona-virus-betydning-for-beskaeftigelsesindsatsen-og-ydelser\/<\/a>&nbsp;&nbsp;<\/p>\n\n\n\n<p id=\"block-b3f1fc5c-742d-4d64-a2ec-cf099795a188\">Link til sundhedsstyrelsen: <a rel=\"noreferrer noopener\" href=\"https:\/\/www.sst.dk\/da\/corona\" target=\"_blank\">https:\/\/www.sst.dk\/da\/corona<\/a>&nbsp;&nbsp;<\/p>\n","protected":false},"excerpt":{"rendered":"<p>Covid-19 er fra den 1. februar 2022 ikke l\u00e6ngere en samfundskritisk sygdom og de s\u00e6rlige restriktioner for besk\u00e6ftigelsesindsatsen g\u00e6lder ikke l\u00e6ngere.&nbsp; Der er ikke l\u00e6ngere krav om brug af mundbind og visir i Jobcentrene og samtaler skal igen afholdes efter de almindelige regler. &nbsp;Det betyder at samtaler som udgangspunkt skal afholdes ved fysisk fremm\u00f8de. Kan &hellip; <\/p>\n<p class=\"link-more\"><a href=\"https:\/\/lundsteenwiederquist.dk\/index.php\/2022\/02\/05\/covid-19-er-ikke-laengere-en-samfundskritisk-sygdom-alle-saerregler-er-ophaevet\/\" class=\"more-link\">L\u00e6s videre<span class=\"screen-reader-text\"> &#8220;Covid-19 er ikke l\u00e6ngere en samfundskritisk sygdom \u2013 alle s\u00e6rregler er oph\u00e6vet\u00a0&#8220;<\/span><\/a><\/p>\n","protected":false},"author":1,"featured_media":0,"comment_status":"open","ping_status":"open","sticky":false,"template":"","format":"standard","meta":{"footnotes":""},"categories":[6,20],"tags":[10,8,7,9],"class_list":["post-52","post","type-post","status-publish","format-standard","hentry","category-covid-19","category-januar-februar-2022","tag-beskaeftigelse","tag-corona","tag-covid","tag-saerregler"],"yoast_head":"<!-- This site is optimized with the Yoast SEO plugin v27.4 - https:\/\/yoast.com\/product\/yoast-seo-wordpress\/ -->\n<title>Covid-19 er ikke l\u00e6ngere en samfundskritisk sygdom \u2013 alle s\u00e6rregler er oph\u00e6vet\u00a0 -<\/title>\n<meta name=\"robots\" content=\"index, follow, max-snippet:-1, max-image-preview:large, max-video-preview:-1\" \/>\n<link rel=\"canonical\" href=\"https:\/\/lundsteenwiederquist.dk\/index.php\/2022\/02\/05\/covid-19-er-ikke-laengere-en-samfundskritisk-sygdom-alle-saerregler-er-ophaevet\/\" \/>\n<meta property=\"og:locale\" content=\"da_DK\" \/>\n<meta property=\"og:type\" content=\"article\" \/>\n<meta property=\"og:title\" content=\"Covid-19 er ikke l\u00e6ngere en samfundskritisk sygdom \u2013 alle s\u00e6rregler er oph\u00e6vet\u00a0 -\" \/>\n<meta property=\"og:description\" content=\"Covid-19 er fra den 1. februar 2022 ikke l\u00e6ngere en samfundskritisk sygdom og de s\u00e6rlige restriktioner for besk\u00e6ftigelsesindsatsen g\u00e6lder ikke l\u00e6ngere.&nbsp; Der er ikke l\u00e6ngere krav om brug af mundbind og visir i Jobcentrene og samtaler skal igen afholdes efter de almindelige regler. &nbsp;Det betyder at samtaler som udgangspunkt skal afholdes ved fysisk fremm\u00f8de. Kan &hellip; L\u00e6s videre &quot;Covid-19 er ikke l\u00e6ngere en samfundskritisk sygdom \u2013 alle s\u00e6rregler er oph\u00e6vet\u00a0&quot;\" \/>\n<meta property=\"og:url\" content=\"https:\/\/lundsteenwiederquist.dk\/index.php\/2022\/02\/05\/covid-19-er-ikke-laengere-en-samfundskritisk-sygdom-alle-saerregler-er-ophaevet\/\" \/>\n<meta property=\"article:published_time\" content=\"2022-02-05T21:43:14+00:00\" \/>\n<meta property=\"article:modified_time\" content=\"2022-04-10T16:03:07+00:00\" \/>\n<meta name=\"author\" content=\"admin\" \/>\n<meta name=\"twitter:card\" content=\"summary_large_image\" \/>\n<meta name=\"twitter:label1\" content=\"Skrevet af\" \/>\n\t<meta name=\"twitter:data1\" content=\"admin\" \/>\n\t<meta name=\"twitter:label2\" content=\"Estimeret l\u00e6setid\" \/>\n\t<meta name=\"twitter:data2\" content=\"1 minut\" \/>\n<script type=\"application\/ld+json\" class=\"yoast-schema-graph\">{\"@context\":\"https:\\\/\\\/schema.org\",\"@graph\":[{\"@type\":\"Article\",\"@id\":\"https:\\\/\\\/lundsteenwiederquist.dk\\\/index.php\\\/2022\\\/02\\\/05\\\/covid-19-er-ikke-laengere-en-samfundskritisk-sygdom-alle-saerregler-er-ophaevet\\\/#article\",\"isPartOf\":{\"@id\":\"https:\\\/\\\/lundsteenwiederquist.dk\\\/index.php\\\/2022\\\/02\\\/05\\\/covid-19-er-ikke-laengere-en-samfundskritisk-sygdom-alle-saerregler-er-ophaevet\\\/\"},\"author\":{\"name\":\"admin\",\"@id\":\"https:\\\/\\\/lundsteenwiederquist.dk\\\/#\\\/schema\\\/person\\\/4cc009e2debfd357f3c1f1d41db97e7a\"},\"headline\":\"Covid-19 er ikke l\u00e6ngere en samfundskritisk sygdom \u2013 alle s\u00e6rregler er oph\u00e6vet\u00a0\",\"datePublished\":\"2022-02-05T21:43:14+00:00\",\"dateModified\":\"2022-04-10T16:03:07+00:00\",\"mainEntityOfPage\":{\"@id\":\"https:\\\/\\\/lundsteenwiederquist.dk\\\/index.php\\\/2022\\\/02\\\/05\\\/covid-19-er-ikke-laengere-en-samfundskritisk-sygdom-alle-saerregler-er-ophaevet\\\/\"},\"wordCount\":226,\"commentCount\":0,\"keywords\":[\"besk\u00e6ftigelse\",\"Corona\",\"Covid\",\"s\u00e6rregler\"],\"articleSection\":[\"Covid-19\",\"Nummer 1- 2022\"],\"inLanguage\":\"da-DK\",\"potentialAction\":[{\"@type\":\"CommentAction\",\"name\":\"Comment\",\"target\":[\"https:\\\/\\\/lundsteenwiederquist.dk\\\/index.php\\\/2022\\\/02\\\/05\\\/covid-19-er-ikke-laengere-en-samfundskritisk-sygdom-alle-saerregler-er-ophaevet\\\/#respond\"]}]},{\"@type\":\"WebPage\",\"@id\":\"https:\\\/\\\/lundsteenwiederquist.dk\\\/index.php\\\/2022\\\/02\\\/05\\\/covid-19-er-ikke-laengere-en-samfundskritisk-sygdom-alle-saerregler-er-ophaevet\\\/\",\"url\":\"https:\\\/\\\/lundsteenwiederquist.dk\\\/index.php\\\/2022\\\/02\\\/05\\\/covid-19-er-ikke-laengere-en-samfundskritisk-sygdom-alle-saerregler-er-ophaevet\\\/\",\"name\":\"Covid-19 er ikke l\u00e6ngere en samfundskritisk sygdom \u2013 alle s\u00e6rregler er oph\u00e6vet\u00a0 -\",\"isPartOf\":{\"@id\":\"https:\\\/\\\/lundsteenwiederquist.dk\\\/#website\"},\"datePublished\":\"2022-02-05T21:43:14+00:00\",\"dateModified\":\"2022-04-10T16:03:07+00:00\",\"author\":{\"@id\":\"https:\\\/\\\/lundsteenwiederquist.dk\\\/#\\\/schema\\\/person\\\/4cc009e2debfd357f3c1f1d41db97e7a\"},\"breadcrumb\":{\"@id\":\"https:\\\/\\\/lundsteenwiederquist.dk\\\/index.php\\\/2022\\\/02\\\/05\\\/covid-19-er-ikke-laengere-en-samfundskritisk-sygdom-alle-saerregler-er-ophaevet\\\/#breadcrumb\"},\"inLanguage\":\"da-DK\",\"potentialAction\":[{\"@type\":\"ReadAction\",\"target\":[\"https:\\\/\\\/lundsteenwiederquist.dk\\\/index.php\\\/2022\\\/02\\\/05\\\/covid-19-er-ikke-laengere-en-samfundskritisk-sygdom-alle-saerregler-er-ophaevet\\\/\"]}]},{\"@type\":\"BreadcrumbList\",\"@id\":\"https:\\\/\\\/lundsteenwiederquist.dk\\\/index.php\\\/2022\\\/02\\\/05\\\/covid-19-er-ikke-laengere-en-samfundskritisk-sygdom-alle-saerregler-er-ophaevet\\\/#breadcrumb\",\"itemListElement\":[{\"@type\":\"ListItem\",\"position\":1,\"name\":\"Hjem\",\"item\":\"https:\\\/\\\/lundsteenwiederquist.dk\\\/\"},{\"@type\":\"ListItem\",\"position\":2,\"name\":\"Covid-19 er ikke l\u00e6ngere en samfundskritisk sygdom \u2013 alle s\u00e6rregler er oph\u00e6vet\u00a0\"}]},{\"@type\":\"WebSite\",\"@id\":\"https:\\\/\\\/lundsteenwiederquist.dk\\\/#website\",\"url\":\"https:\\\/\\\/lundsteenwiederquist.dk\\\/\",\"name\":\"\",\"description\":\"G\u00f8r det sv\u00e6re enkelt\",\"potentialAction\":[{\"@type\":\"SearchAction\",\"target\":{\"@type\":\"EntryPoint\",\"urlTemplate\":\"https:\\\/\\\/lundsteenwiederquist.dk\\\/?s={search_term_string}\"},\"query-input\":{\"@type\":\"PropertyValueSpecification\",\"valueRequired\":true,\"valueName\":\"search_term_string\"}}],\"inLanguage\":\"da-DK\"},{\"@type\":\"Person\",\"@id\":\"https:\\\/\\\/lundsteenwiederquist.dk\\\/#\\\/schema\\\/person\\\/4cc009e2debfd357f3c1f1d41db97e7a\",\"name\":\"admin\",\"image\":{\"@type\":\"ImageObject\",\"inLanguage\":\"da-DK\",\"@id\":\"https:\\\/\\\/secure.gravatar.com\\\/avatar\\\/a7c74f32e0a77a80d99aaeed83bf0f039fc9ef5be985255128731a791b56584a?s=96&d=mm&r=g\",\"url\":\"https:\\\/\\\/secure.gravatar.com\\\/avatar\\\/a7c74f32e0a77a80d99aaeed83bf0f039fc9ef5be985255128731a791b56584a?s=96&d=mm&r=g\",\"contentUrl\":\"https:\\\/\\\/secure.gravatar.com\\\/avatar\\\/a7c74f32e0a77a80d99aaeed83bf0f039fc9ef5be985255128731a791b56584a?s=96&d=mm&r=g\",\"caption\":\"admin\"},\"sameAs\":[\"http:\\\/\\\/lundsteenwiederquist.dk\"],\"url\":\"https:\\\/\\\/lundsteenwiederquist.dk\\\/index.php\\\/author\\\/admin\\\/\"}]}<\/script>\n<!-- \/ Yoast SEO plugin. -->","yoast_head_json":{"title":"Covid-19 er ikke l\u00e6ngere en samfundskritisk sygdom \u2013 alle s\u00e6rregler er oph\u00e6vet\u00a0 -","robots":{"index":"index","follow":"follow","max-snippet":"max-snippet:-1","max-image-preview":"max-image-preview:large","max-video-preview":"max-video-preview:-1"},"canonical":"https:\/\/lundsteenwiederquist.dk\/index.php\/2022\/02\/05\/covid-19-er-ikke-laengere-en-samfundskritisk-sygdom-alle-saerregler-er-ophaevet\/","og_locale":"da_DK","og_type":"article","og_title":"Covid-19 er ikke l\u00e6ngere en samfundskritisk sygdom \u2013 alle s\u00e6rregler er oph\u00e6vet\u00a0 -","og_description":"Covid-19 er fra den 1. februar 2022 ikke l\u00e6ngere en samfundskritisk sygdom og de s\u00e6rlige restriktioner for besk\u00e6ftigelsesindsatsen g\u00e6lder ikke l\u00e6ngere.&nbsp; Der er ikke l\u00e6ngere krav om brug af mundbind og visir i Jobcentrene og samtaler skal igen afholdes efter de almindelige regler. &nbsp;Det betyder at samtaler som udgangspunkt skal afholdes ved fysisk fremm\u00f8de. Kan &hellip; L\u00e6s videre \"Covid-19 er ikke l\u00e6ngere en samfundskritisk sygdom \u2013 alle s\u00e6rregler er oph\u00e6vet\u00a0\"","og_url":"https:\/\/lundsteenwiederquist.dk\/index.php\/2022\/02\/05\/covid-19-er-ikke-laengere-en-samfundskritisk-sygdom-alle-saerregler-er-ophaevet\/","article_published_time":"2022-02-05T21:43:14+00:00","article_modified_time":"2022-04-10T16:03:07+00:00","author":"admin","twitter_card":"summary_large_image","twitter_misc":{"Skrevet af":"admin","Estimeret l\u00e6setid":"1 minut"},"schema":{"@context":"https:\/\/schema.org","@graph":[{"@type":"Article","@id":"https:\/\/lundsteenwiederquist.dk\/index.php\/2022\/02\/05\/covid-19-er-ikke-laengere-en-samfundskritisk-sygdom-alle-saerregler-er-ophaevet\/#article","isPartOf":{"@id":"https:\/\/lundsteenwiederquist.dk\/index.php\/2022\/02\/05\/covid-19-er-ikke-laengere-en-samfundskritisk-sygdom-alle-saerregler-er-ophaevet\/"},"author":{"name":"admin","@id":"https:\/\/lundsteenwiederquist.dk\/#\/schema\/person\/4cc009e2debfd357f3c1f1d41db97e7a"},"headline":"Covid-19 er ikke l\u00e6ngere en samfundskritisk sygdom \u2013 alle s\u00e6rregler er oph\u00e6vet\u00a0","datePublished":"2022-02-05T21:43:14+00:00","dateModified":"2022-04-10T16:03:07+00:00","mainEntityOfPage":{"@id":"https:\/\/lundsteenwiederquist.dk\/index.php\/2022\/02\/05\/covid-19-er-ikke-laengere-en-samfundskritisk-sygdom-alle-saerregler-er-ophaevet\/"},"wordCount":226,"commentCount":0,"keywords":["besk\u00e6ftigelse","Corona","Covid","s\u00e6rregler"],"articleSection":["Covid-19","Nummer 1- 2022"],"inLanguage":"da-DK","potentialAction":[{"@type":"CommentAction","name":"Comment","target":["https:\/\/lundsteenwiederquist.dk\/index.php\/2022\/02\/05\/covid-19-er-ikke-laengere-en-samfundskritisk-sygdom-alle-saerregler-er-ophaevet\/#respond"]}]},{"@type":"WebPage","@id":"https:\/\/lundsteenwiederquist.dk\/index.php\/2022\/02\/05\/covid-19-er-ikke-laengere-en-samfundskritisk-sygdom-alle-saerregler-er-ophaevet\/","url":"https:\/\/lundsteenwiederquist.dk\/index.php\/2022\/02\/05\/covid-19-er-ikke-laengere-en-samfundskritisk-sygdom-alle-saerregler-er-ophaevet\/","name":"Covid-19 er ikke l\u00e6ngere en samfundskritisk sygdom \u2013 alle s\u00e6rregler er oph\u00e6vet\u00a0 -","isPartOf":{"@id":"https:\/\/lundsteenwiederquist.dk\/#website"},"datePublished":"2022-02-05T21:43:14+00:00","dateModified":"2022-04-10T16:03:07+00:00","author":{"@id":"https:\/\/lundsteenwiederquist.dk\/#\/schema\/person\/4cc009e2debfd357f3c1f1d41db97e7a"},"breadcrumb":{"@id":"https:\/\/lundsteenwiederquist.dk\/index.php\/2022\/02\/05\/covid-19-er-ikke-laengere-en-samfundskritisk-sygdom-alle-saerregler-er-ophaevet\/#breadcrumb"},"inLanguage":"da-DK","potentialAction":[{"@type":"ReadAction","target":["https:\/\/lundsteenwiederquist.dk\/index.php\/2022\/02\/05\/covid-19-er-ikke-laengere-en-samfundskritisk-sygdom-alle-saerregler-er-ophaevet\/"]}]},{"@type":"BreadcrumbList","@id":"https:\/\/lundsteenwiederquist.dk\/index.php\/2022\/02\/05\/covid-19-er-ikke-laengere-en-samfundskritisk-sygdom-alle-saerregler-er-ophaevet\/#breadcrumb","itemListElement":[{"@type":"ListItem","position":1,"name":"Hjem","item":"https:\/\/lundsteenwiederquist.dk\/"},{"@type":"ListItem","position":2,"name":"Covid-19 er ikke l\u00e6ngere en samfundskritisk sygdom \u2013 alle s\u00e6rregler er oph\u00e6vet\u00a0"}]},{"@type":"WebSite","@id":"https:\/\/lundsteenwiederquist.dk\/#website","url":"https:\/\/lundsteenwiederquist.dk\/","name":"","description":"G\u00f8r det sv\u00e6re enkelt","potentialAction":[{"@type":"SearchAction","target":{"@type":"EntryPoint","urlTemplate":"https:\/\/lundsteenwiederquist.dk\/?s={search_term_string}"},"query-input":{"@type":"PropertyValueSpecification","valueRequired":true,"valueName":"search_term_string"}}],"inLanguage":"da-DK"},{"@type":"Person","@id":"https:\/\/lundsteenwiederquist.dk\/#\/schema\/person\/4cc009e2debfd357f3c1f1d41db97e7a","name":"admin","image":{"@type":"ImageObject","inLanguage":"da-DK","@id":"https:\/\/secure.gravatar.com\/avatar\/a7c74f32e0a77a80d99aaeed83bf0f039fc9ef5be985255128731a791b56584a?s=96&d=mm&r=g","url":"https:\/\/secure.gravatar.com\/avatar\/a7c74f32e0a77a80d99aaeed83bf0f039fc9ef5be985255128731a791b56584a?s=96&d=mm&r=g","contentUrl":"https:\/\/secure.gravatar.com\/avatar\/a7c74f32e0a77a80d99aaeed83bf0f039fc9ef5be985255128731a791b56584a?s=96&d=mm&r=g","caption":"admin"},"sameAs":["http:\/\/lundsteenwiederquist.dk"],"url":"https:\/\/lundsteenwiederquist.dk\/index.php\/author\/admin\/"}]}},"_links":{"self":[{"href":"https:\/\/lundsteenwiederquist.dk\/index.php\/wp-json\/wp\/v2\/posts\/52","targetHints":{"allow":["GET"]}}],"collection":[{"href":"https:\/\/lundsteenwiederquist.dk\/index.php\/wp-json\/wp\/v2\/posts"}],"about":[{"href":"https:\/\/lundsteenwiederquist.dk\/index.php\/wp-json\/wp\/v2\/types\/post"}],"author":[{"embeddable":true,"href":"https:\/\/lundsteenwiederquist.dk\/index.php\/wp-json\/wp\/v2\/users\/1"}],"replies":[{"embeddable":true,"href":"https:\/\/lundsteenwiederquist.dk\/index.php\/wp-json\/wp\/v2\/comments?post=52"}],"version-history":[{"count":1,"href":"https:\/\/lundsteenwiederquist.dk\/index.php\/wp-json\/wp\/v2\/posts\/52\/revisions"}],"predecessor-version":[{"id":53,"href":"https:\/\/lundsteenwiederquist.dk\/index.php\/wp-json\/wp\/v2\/posts\/52\/revisions\/53"}],"wp:attachment":[{"href":"https:\/\/lundsteenwiederquist.dk\/index.php\/wp-json\/wp\/v2\/media?parent=52"}],"wp:term":[{"taxonomy":"category","embeddable":true,"href":"https:\/\/lundsteenwiederquist.dk\/index.php\/wp-json\/wp\/v2\/categories?post=52"},{"taxonomy":"post_tag","embeddable":true,"href":"https:\/\/lundsteenwiederquist.dk\/index.php\/wp-json\/wp\/v2\/tags?post=52"}],"curies":[{"name":"wp","href":"https:\/\/api.w.org\/{rel}","templated":true}]}}